{"id":9081,"date":"2020-09-01T00:54:52","date_gmt":"2020-09-01T00:54:52","guid":{"rendered":"https:\/\/oparanews.com.br\/?p=9081"},"modified":"2020-09-01T00:54:52","modified_gmt":"2020-09-01T00:54:52","slug":"tres-pessoas-sao-indiciadas-pelo-assassinato-de-ex-vereador-de-junqueiro","status":"publish","type":"post","link":"https:\/\/www.oparanews.com.br\/index.php\/2020\/09\/01\/tres-pessoas-sao-indiciadas-pelo-assassinato-de-ex-vereador-de-junqueiro\/","title":{"rendered":"Tr\u00eas pessoas s\u00e3o indiciadas pelo assassinato de ex-vereador de Junqueiro"},"content":{"rendered":"<p>A Pol\u00edcia Civil indiciou tr\u00eas pessoas pelo assassinato do ex-vereador de Junqueiro Carlos Miguel de S\u00e1 Ferro, em setembro de 2019. A informa\u00e7\u00e3o foi divulgada nesta segunda-feira (31), pelos delegados Jos\u00e9 Carlos, Lucim\u00e9rio Campos e Bruno Emilio, que conduziram a investiga\u00e7\u00e3o.<\/p>\n<p>Depois do indiciamento, o Minist\u00e9rio P\u00fablico Estadual (MP-AL) denunciou os tr\u00eas homens, que s\u00e3o um policial militar, um policial penal e um servidor da Secretaria Estadual de Seguran\u00e7a P\u00fablica. Os tr\u00eas r\u00e9us est\u00e3o presos preventivamente.<\/p>\n<p>O MP-AL pede a condena\u00e7\u00e3o dos tr\u00eas homens pelo crime de homic\u00eddio duplamente qualificado, por motivo torpe e que impossibilitou a defesa da v\u00edtima.<\/p>\n<p>No dia do crime, os criminosos entraram na casa em que o ex-vereador estava, na zona rural de Teot\u00f4nio Vilela, e atiraram 50 vezes nele.<\/p>\n<p>\u201cNo dia, hora e local acima informados, a v\u00edtima se encontrava se confraternizando com alguns amigos, quando ent\u00e3o chegaram ao local, num ve\u00edculo Volkswagen Voyage, de cor branca, os cinco algozes, dentre eles os tr\u00eas denunciados, todos armados, utilizando coletes \u00e0 prova de balas e escondendo os respectivos rostos com uso de balaclavas, dizendo que eram policiais, inclusive, ostentando um aparelho \u2018giroflex\u2019, t\u00edpico de viaturas policiais, em cima do referido ve\u00edculo. Ato cont\u00ednuo, sem dar qualquer chance de defesa \u00e0 v\u00edtima, eles e os demais indiv\u00edduos n\u00e3o identificados passaram a deflagrar diversos disparos de arma de fogo contra a v\u00edtima. Um desses disparos efetuados foi com arma de grosso calibre, a saber, um fuzil calibre .762, conforme nos revela uma visita\u00e7\u00e3o aos laudos de exame pericial em local de crime e de exame cadav\u00e9rico carreados aos autos, levando a v\u00edtima a \u00f3bito ainda no local\u201d, diz um trecho da peti\u00e7\u00e3o.<\/p>\n<p>Indiciados por crime de homic\u00eddio qualificado e associa\u00e7\u00e3o criminosa, os suspeitos n\u00e3o tiveram os nomes divulgados, mas os delegados disseram que eles j\u00e1 estavam presos pelo homic\u00eddio do empres\u00e1rio Jos\u00e9 da Silva Maia Neto, no dia 1\u00ba de abril de 2020, e agora tiveram as pris\u00f5es decretadas tamb\u00e9m pela morte de Miguel Ferro.<\/p>\n<p>Uma per\u00edcia t\u00e9cnica feita nas armas apreendidas com os suspeitos e compara\u00e7\u00e3o bal\u00edstica de estojos coletados em dois locais de crime e um proj\u00e9til retirado do corpo de uma das v\u00edtimas foi essencial para as conclus\u00f5es da investiga\u00e7\u00e3o.<\/p>\n<p>\u201cExaminei os estojos encontrados no local de crime que vitimou o empres\u00e1rio Jos\u00e9 da Silva Maia Neto, e comparei com os estojos localizados e recolhidos na cena do crime que vitimou o ex-vereador Carlos Miguel de S\u00e1 Ferro, e ainda com um proj\u00e9til retirado do seu corpo. Na compara\u00e7\u00e3o bal\u00edstica ficou comprovado que o proj\u00e9til encontrado no cad\u00e1ver do ex-vereador foi propelido pela pistola .380, e os estojos de uma pistola 9mm encontrados nos dois locais de crimes foram percutidos e detonados pela mesma arma, ambas pistolas apreendidas com os suspeitos\u201d, explicou o perito criminal Ricardo Leopoldo, o Instituto de Criminal\u00edstica de Alagoas.<\/p>\n<p>Segundo o delegado Lucim\u00e9rio Campos, o grupo indiciado tem caracter\u00edsticas de matadores de aluguel.<\/p>\n<p>Para o delegado Bruno Emilio, outro fator decisivo para as investiga\u00e7\u00f5es, foi o trabalho conjunto da pol\u00edcia e da comiss\u00e3o dos promotores de Justi\u00e7a Rodrigo Soares, Kleber Valadares e Guilherme Diamantaras, designados para o caso.<\/p>\n<p>As investiga\u00e7\u00f5es continuam para tentar chegar ao mandante do crime, que ainda n\u00e3o foi identificado.<\/p>\n<p>\u201cAs investiga\u00e7\u00f5es agora prosseguem para que possamos identificar quem \u00e9 o autor intelectual do assassinato\u201d, informou o promotor Rodrigo Soares.<\/p>\n<p>Os promotores de Justi\u00e7a disseram que os tr\u00eas r\u00e9us integram uma organiza\u00e7\u00e3o criminosa que tem como principal atua\u00e7\u00e3o a pr\u00e1tica de crimes contra a vida.<\/p>\n<p>&#8220;Revela-se que os denunciados integram organiza\u00e7\u00e3o criminosa, associados entre e si e com pelo menos mais outros dois indiv\u00edduos ainda n\u00e3o identificados, para o fim de cometimento de crimes de homic\u00eddio mediante paga ou promessa de recompensa, o chamado \u2018homic\u00eddio mercen\u00e1rio\u2019, agindo como grupo de exterm\u00ednio. Isso ficou claro n\u00e3o somente em rela\u00e7\u00e3o ao homic\u00eddio que vitimou Miguel Ferro, objeto da presente den\u00fancia, mas tamb\u00e9m em rela\u00e7\u00e3o ao homic\u00eddio contra Jos\u00e9 Maia, j\u00e1 acima mencionado e que \u00e9 objeto de a\u00e7\u00e3o penal em curso na 8\u00aa vara criminal da capital\u201d, disseram os promotores.<\/p>\n<p>Os denunciados tamb\u00e9m s\u00e3o acusados de recepta\u00e7\u00e3o dolosa. O ve\u00edculo Voyage, usado pelos criminosos para assassinar o ex-vereador, tinha sido roubado anteriormente.<\/p>\n<p>&nbsp;<\/p>\n<p><strong>Fonte: G1\/AL<\/strong><\/p>\n<p>&nbsp;<\/p>\n","protected":false},"excerpt":{"rendered":"<p>A Pol\u00edcia Civil indiciou tr\u00eas pessoas pelo assassinato do ex-vereador de Junqueiro Carlos Miguel de S\u00e1 Ferro, em setembro de 2019. A informa\u00e7\u00e3o foi divulgada nesta segunda-feira (31), pelos delegados Jos\u00e9 Carlos, Lucim\u00e9rio Campos e Bruno Emilio, que conduziram a investiga\u00e7\u00e3o. Depois do indiciamento, o Minist\u00e9rio P\u00fablico Estadual (MP-AL) denunciou os tr\u00eas homens, que s\u00e3o &hellip;<\/p>\n","protected":false},"author":1,"featured_media":9082,"comment_status":"open","ping_status":"open","sticky":false,"template":"","format":"standard","meta":{"_jetpack_newsletter_access":"","_jetpack_dont_email_post_to_subs":false,"_jetpack_newsletter_tier_id":0,"_jetpack_memberships_contains_paywalled_content":false,"_jetpack_memberships_contains_paid_content":false,"footnotes":""},"categories":[1],"tags":[],"class_list":["post-9081","post","type-post","status-publish","format-standard","has-post-thumbnail","hentry","category-destaque"],"jetpack_sharing_enabled":true,"jetpack_featured_media_url":"","_links":{"self":[{"href":"https:\/\/www.oparanews.com.br\/index.php\/wp-json\/wp\/v2\/posts\/9081","targetHints":{"allow":["GET"]}}],"collection":[{"href":"https:\/\/www.oparanews.com.br\/index.php\/wp-json\/wp\/v2\/posts"}],"about":[{"href":"https:\/\/www.oparanews.com.br\/index.php\/wp-json\/wp\/v2\/types\/post"}],"author":[{"embeddable":true,"href":"https:\/\/www.oparanews.com.br\/index.php\/wp-json\/wp\/v2\/users\/1"}],"replies":[{"embeddable":true,"href":"https:\/\/www.oparanews.com.br\/index.php\/wp-json\/wp\/v2\/comments?post=9081"}],"version-history":[{"count":0,"href":"https:\/\/www.oparanews.com.br\/index.php\/wp-json\/wp\/v2\/posts\/9081\/revisions"}],"wp:attachment":[{"href":"https:\/\/www.oparanews.com.br\/index.php\/wp-json\/wp\/v2\/media?parent=9081"}],"wp:term":[{"taxonomy":"category","embeddable":true,"href":"https:\/\/www.oparanews.com.br\/index.php\/wp-json\/wp\/v2\/categories?post=9081"},{"taxonomy":"post_tag","embeddable":true,"href":"https:\/\/www.oparanews.com.br\/index.php\/wp-json\/wp\/v2\/tags?post=9081"}],"curies":[{"name":"wp","href":"https:\/\/api.w.org\/{rel}","templated":true}]}}