{"id":9084,"date":"2020-09-01T00:58:28","date_gmt":"2020-09-01T00:58:28","guid":{"rendered":"https:\/\/oparanews.com.br\/?p=9084"},"modified":"2020-09-01T00:58:28","modified_gmt":"2020-09-01T00:58:28","slug":"alagoas-tem-1-887-mortes-por-covid-19","status":"publish","type":"post","link":"https:\/\/www.oparanews.com.br\/index.php\/2020\/09\/01\/alagoas-tem-1-887-mortes-por-covid-19\/","title":{"rendered":"Alagoas tem 1.887 mortes por Covid-19"},"content":{"rendered":"<p>Alagoas atingiu 78.804 casos confirmados e 1.887 mortes por Covid-19. Os n\u00fameros foram divulgados nesta segunda-feira (31) pela Secretaria de Estado da Sa\u00fade (Sesau).<\/p>\n<p>O estado confirmou 167 novos casos e nove mortes causadas pela doen\u00e7a nas \u00faltimas 24 horas.<\/p>\n<p>De acordo com o boletim di\u00e1rio, Alagoas tem 4.789 casos suspeitos e 73.864 pacientes recuperados.<\/p>\n<p>Das nove mortes, cinco pessoas moravam em Macei\u00f3 e quatro, no interior.<\/p>\n<p>Leitos para Covid-19<\/p>\n<p>O boletim de leitos, atualizado pela \u00faltima vez na sexta-feira (28), mostrou que 22% dos leitos exclusivos para Covid-19 estavam ocupados. Considerando apenas os leitos de UTI, a ocupa\u00e7\u00e3o era de 38%.<\/p>\n<p>Mais 9 mortes por Covid-19<\/p>\n<p>Macei\u00f3: Mulher, 47 anos \u2013 hipertensa<br \/>\nMacei\u00f3: Homem, 78 anos \u2013 doen\u00e7a card\u00edaca cr\u00f4nica<br \/>\nMacei\u00f3: Homem, 64 anos \u2013 hipertenso<br \/>\nMacei\u00f3: Homem, 45 anos \u2013 sem comorbidades<br \/>\nMacei\u00f3: Homem, 65 anos \u2013 diab\u00e9tico<br \/>\nPia\u00e7abu\u00e7u: Homem, 77 anos \u2013 doen\u00e7a card\u00edaca cr\u00f4nica<br \/>\nS\u00e3o Jos\u00e9 da Tapera: Homem, 40 anos \u2013 sem comorbidades<br \/>\nDelmiro Gouveia: Homem, 85 anos \u2013 doen\u00e7a neurol\u00f3gica cr\u00f4nica<br \/>\nTraipu: Mulher, 100 anos \u2013 sem comorbidades<\/p>\n<p>&nbsp;<\/p>\n<p><strong>Fonte: G1\/AL<\/strong><\/p>\n<p>&nbsp;<\/p>\n","protected":false},"excerpt":{"rendered":"<p>Alagoas atingiu 78.804 casos confirmados e 1.887 mortes por Covid-19. Os n\u00fameros foram divulgados nesta segunda-feira (31) pela Secretaria de Estado da Sa\u00fade (Sesau). O estado confirmou 167 novos casos e nove mortes causadas pela doen\u00e7a nas \u00faltimas 24 horas. De acordo com o boletim di\u00e1rio, Alagoas tem 4.789 casos suspeitos e 73.864 pacientes recuperados. &hellip;<\/p>\n","protected":false},"author":1,"featured_media":9085,"comment_status":"open","ping_status":"open","sticky":false,"template":"","format":"standard","meta":{"_jetpack_newsletter_access":"","_jetpack_dont_email_post_to_subs":false,"_jetpack_newsletter_tier_id":0,"_jetpack_memberships_contains_paywalled_content":false,"_jetpack_memberships_contains_paid_content":false,"footnotes":""},"categories":[1],"tags":[],"class_list":["post-9084","post","type-post","status-publish","format-standard","has-post-thumbnail","hentry","category-destaque"],"jetpack_sharing_enabled":true,"jetpack_featured_media_url":"","_links":{"self":[{"href":"https:\/\/www.oparanews.com.br\/index.php\/wp-json\/wp\/v2\/posts\/9084","targetHints":{"allow":["GET"]}}],"collection":[{"href":"https:\/\/www.oparanews.com.br\/index.php\/wp-json\/wp\/v2\/posts"}],"about":[{"href":"https:\/\/www.oparanews.com.br\/index.php\/wp-json\/wp\/v2\/types\/post"}],"author":[{"embeddable":true,"href":"https:\/\/www.oparanews.com.br\/index.php\/wp-json\/wp\/v2\/users\/1"}],"replies":[{"embeddable":true,"href":"https:\/\/www.oparanews.com.br\/index.php\/wp-json\/wp\/v2\/comments?post=9084"}],"version-history":[{"count":0,"href":"https:\/\/www.oparanews.com.br\/index.php\/wp-json\/wp\/v2\/posts\/9084\/revisions"}],"wp:attachment":[{"href":"https:\/\/www.oparanews.com.br\/index.php\/wp-json\/wp\/v2\/media?parent=9084"}],"wp:term":[{"taxonomy":"category","embeddable":true,"href":"https:\/\/www.oparanews.com.br\/index.php\/wp-json\/wp\/v2\/categories?post=9084"},{"taxonomy":"post_tag","embeddable":true,"href":"https:\/\/www.oparanews.com.br\/index.php\/wp-json\/wp\/v2\/tags?post=9084"}],"curies":[{"name":"wp","href":"https:\/\/api.w.org\/{rel}","templated":true}]}}