{"id":9088,"date":"2020-09-01T01:00:11","date_gmt":"2020-09-01T01:00:11","guid":{"rendered":"https:\/\/oparanews.com.br\/?p=9088"},"modified":"2020-09-01T01:00:11","modified_gmt":"2020-09-01T01:00:11","slug":"taxa-de-mortalidade-por-covid-19-em-penedo-e-de-002-da-populacao","status":"publish","type":"post","link":"https:\/\/www.oparanews.com.br\/index.php\/2020\/09\/01\/taxa-de-mortalidade-por-covid-19-em-penedo-e-de-002-da-populacao\/","title":{"rendered":"Taxa de mortalidade por Covid-19 em Penedo \u00e9 de 0,02% da popula\u00e7\u00e3o"},"content":{"rendered":"<p>O IBGE divulgou recentemente estudo sobre estimativa da popula\u00e7\u00e3o brasileira, apontando 63.846 pessoas residindo em Penedo atualmente. Considerando o registro de 13 \u00f3bitos por Covid-19 no munic\u00edpio at\u00e9 este \u00faltimo dia do m\u00eas agosto, a taxa de mortalidade da doen\u00e7a equivale a 0,02% da popula\u00e7\u00e3o penedense.<\/p>\n<p>Al\u00e9m dessa estat\u00edstica, dos 1.222 casos confirmados de Covid-19 em Penedo at\u00e9 esta segunda-feira, 31 de agosto, 1.085 est\u00e3o curadas, segundo dados divulgados agora h\u00e1 pouco pela Secretaria Municipal de Sa\u00fade (SEMS).<\/p>\n<p>At\u00e9 hoje, o novo coronav\u00edrus causou mais de 121 mil mortes no Brasil, sendo que 1.887 \u00f3bitos ocorreram em Alagoas.<\/p>\n<p>O boletim epidemiol\u00f3gico atualizado pela SEMS Penedo neste in\u00edcio de semana informa ainda 96 casos monitorados, um suspeito, 1.138 descartados e 13 \u00f3bitos.<\/p>\n<p>Sobre a ocorr\u00eancia do novo coronav\u00edrus no munic\u00edpio, os dados de hoje s\u00e3o os seguintes:<\/p>\n<p>Zona Urbana<\/p>\n<p>Bairro Dom Constantino \u2013 347<\/p>\n<p>Bairro Santa Luzia \u2013 221<\/p>\n<p>Centro da cidade \u2013 175<\/p>\n<p>Bairro Raimundo Marinho \u2013 119<\/p>\n<p>Bairro Senhor do Bonfim \u2013 103<\/p>\n<p>Bairro Santo Ant\u00f4nio \u2013 66<\/p>\n<p>Bairro Santa Izabel \u2013 49<\/p>\n<p>Bairro Santa Cec\u00edlia \u2013 13<\/p>\n<p>Zona Rural<\/p>\n<p>Povoado Tabuleiro dos Negros \u2013 44<\/p>\n<p>Povoado Palmeira Alta \u2013 24<\/p>\n<p>Cooperativa 1\u00ba e 2\u00ba N\u00facleo \u2013 37<\/p>\n<p>Povoado Santa Margarida \u2013 14<\/p>\n<p>Povoado Capela \u2013 08<\/p>\n<p>Povoado Ponta Mofina \u2013 02<\/p>\n<p>&nbsp;<\/p>\n<p><strong>por Fernando Vin\u00edcius \u2013 Jornalista Decom PMP<\/strong><\/p>\n<p>&nbsp;<\/p>\n","protected":false},"excerpt":{"rendered":"<p>O IBGE divulgou recentemente estudo sobre estimativa da popula\u00e7\u00e3o brasileira, apontando 63.846 pessoas residindo em Penedo atualmente. Considerando o registro de 13 \u00f3bitos por Covid-19 no munic\u00edpio at\u00e9 este \u00faltimo dia do m\u00eas agosto, a taxa de mortalidade da doen\u00e7a equivale a 0,02% da popula\u00e7\u00e3o penedense. Al\u00e9m dessa estat\u00edstica, dos 1.222 casos confirmados de Covid-19 &hellip;<\/p>\n","protected":false},"author":1,"featured_media":9089,"comment_status":"open","ping_status":"open","sticky":false,"template":"","format":"standard","meta":{"_jetpack_newsletter_access":"","_jetpack_dont_email_post_to_subs":false,"_jetpack_newsletter_tier_id":0,"_jetpack_memberships_contains_paywalled_content":false,"_jetpack_memberships_contains_paid_content":false,"footnotes":""},"categories":[1],"tags":[],"class_list":["post-9088","post","type-post","status-publish","format-standard","has-post-thumbnail","hentry","category-destaque"],"jetpack_sharing_enabled":true,"jetpack_featured_media_url":"","_links":{"self":[{"href":"https:\/\/www.oparanews.com.br\/index.php\/wp-json\/wp\/v2\/posts\/9088","targetHints":{"allow":["GET"]}}],"collection":[{"href":"https:\/\/www.oparanews.com.br\/index.php\/wp-json\/wp\/v2\/posts"}],"about":[{"href":"https:\/\/www.oparanews.com.br\/index.php\/wp-json\/wp\/v2\/types\/post"}],"author":[{"embeddable":true,"href":"https:\/\/www.oparanews.com.br\/index.php\/wp-json\/wp\/v2\/users\/1"}],"replies":[{"embeddable":true,"href":"https:\/\/www.oparanews.com.br\/index.php\/wp-json\/wp\/v2\/comments?post=9088"}],"version-history":[{"count":0,"href":"https:\/\/www.oparanews.com.br\/index.php\/wp-json\/wp\/v2\/posts\/9088\/revisions"}],"wp:attachment":[{"href":"https:\/\/www.oparanews.com.br\/index.php\/wp-json\/wp\/v2\/media?parent=9088"}],"wp:term":[{"taxonomy":"category","embeddable":true,"href":"https:\/\/www.oparanews.com.br\/index.php\/wp-json\/wp\/v2\/categories?post=9088"},{"taxonomy":"post_tag","embeddable":true,"href":"https:\/\/www.oparanews.com.br\/index.php\/wp-json\/wp\/v2\/tags?post=9088"}],"curies":[{"name":"wp","href":"https:\/\/api.w.org\/{rel}","templated":true}]}}