{"id":9094,"date":"2020-09-01T12:46:40","date_gmt":"2020-09-01T12:46:40","guid":{"rendered":"https:\/\/oparanews.com.br\/?p=9094"},"modified":"2020-09-01T12:46:40","modified_gmt":"2020-09-01T12:46:40","slug":"oms-recomenda-que-tratamentos-odontologicos-sejam-adiados","status":"publish","type":"post","link":"https:\/\/www.oparanews.com.br\/index.php\/2020\/09\/01\/oms-recomenda-que-tratamentos-odontologicos-sejam-adiados\/","title":{"rendered":"OMS recomenda que tratamentos odontol\u00f3gicos sejam adiados"},"content":{"rendered":"<p>A Organiza\u00e7\u00e3o Mundial da Sa\u00fade (OMS) recomendou o adiamento do atendimento odontol\u00f3gico de rotina durante a pandemia do coronav\u00edrus, mas a American Dental Association (ADA) discorda dessa indica\u00e7\u00e3o.<\/p>\n<p>Segundo a ADA, a sa\u00fade bucal \u00e9 parte integrante da sa\u00fade geral, e a odontologia \u00e9 um cuidado essencial por causa de seu papel na avalia\u00e7\u00e3o, diagn\u00f3stico, preven\u00e7\u00e3o ou tratamento de doen\u00e7as bucais, que podem afetar a sa\u00fade sist\u00eamica.<\/p>\n<p>Quando o coronav\u00edrus disparou em mar\u00e7o, a ADA pediu aos dentistas que adiassem todos os tratamentos de urg\u00eancia e emerg\u00eancia. Mas em 27 de julho, a associa\u00e7\u00e3o adotou uma pol\u00edtica provis\u00f3ria que afirma que a odontologia \u00e9 um cuidado de sa\u00fade essencial.<\/p>\n<p>A ADA e os Centros de Controle e Preven\u00e7\u00e3o de Doen\u00e7as dos EUA recomendam que os dentistas a usem equipamentos de prote\u00e7\u00e3o individual, como m\u00e1scaras, \u00f3culos e protetores faciais. A ADA tamb\u00e9m recomendou que os dentistas usem barreiras de borracha e suc\u00e7\u00e3o de alta velocidade sempre que poss\u00edvel e raspagem manual em vez de raspagem ultrass\u00f4nica ao limpar os dentes.<\/p>\n<p>Em 3 de agosto, a OMS emitiu uma orienta\u00e7\u00e3o provis\u00f3ria recomendando que os cuidados de rotina &#8211; incluindo limpezas &#8211; sejam adiados at\u00e9 que &#8220;haja redu\u00e7\u00e3o suficiente nas taxas de transmiss\u00e3o de COVID-19&#8221;.<\/p>\n<p>&nbsp;<\/p>\n<p><strong>Fonte: American Dental Association. August, 2020<\/strong><\/p>\n<p>&nbsp;<\/p>\n","protected":false},"excerpt":{"rendered":"<p>A Organiza\u00e7\u00e3o Mundial da Sa\u00fade (OMS) recomendou o adiamento do atendimento odontol\u00f3gico de rotina durante a pandemia do coronav\u00edrus, mas a American Dental Association (ADA) discorda dessa indica\u00e7\u00e3o. Segundo a ADA, a sa\u00fade bucal \u00e9 parte integrante da sa\u00fade geral, e a odontologia \u00e9 um cuidado essencial por causa de seu papel na avalia\u00e7\u00e3o, diagn\u00f3stico, &hellip;<\/p>\n","protected":false},"author":1,"featured_media":9096,"comment_status":"open","ping_status":"open","sticky":false,"template":"","format":"standard","meta":{"_jetpack_newsletter_access":"","_jetpack_dont_email_post_to_subs":false,"_jetpack_newsletter_tier_id":0,"_jetpack_memberships_contains_paywalled_content":false,"_jetpack_memberships_contains_paid_content":false,"footnotes":""},"categories":[1],"tags":[],"class_list":["post-9094","post","type-post","status-publish","format-standard","has-post-thumbnail","hentry","category-destaque"],"jetpack_sharing_enabled":true,"jetpack_featured_media_url":"","_links":{"self":[{"href":"https:\/\/www.oparanews.com.br\/index.php\/wp-json\/wp\/v2\/posts\/9094","targetHints":{"allow":["GET"]}}],"collection":[{"href":"https:\/\/www.oparanews.com.br\/index.php\/wp-json\/wp\/v2\/posts"}],"about":[{"href":"https:\/\/www.oparanews.com.br\/index.php\/wp-json\/wp\/v2\/types\/post"}],"author":[{"embeddable":true,"href":"https:\/\/www.oparanews.com.br\/index.php\/wp-json\/wp\/v2\/users\/1"}],"replies":[{"embeddable":true,"href":"https:\/\/www.oparanews.com.br\/index.php\/wp-json\/wp\/v2\/comments?post=9094"}],"version-history":[{"count":0,"href":"https:\/\/www.oparanews.com.br\/index.php\/wp-json\/wp\/v2\/posts\/9094\/revisions"}],"wp:attachment":[{"href":"https:\/\/www.oparanews.com.br\/index.php\/wp-json\/wp\/v2\/media?parent=9094"}],"wp:term":[{"taxonomy":"category","embeddable":true,"href":"https:\/\/www.oparanews.com.br\/index.php\/wp-json\/wp\/v2\/categories?post=9094"},{"taxonomy":"post_tag","embeddable":true,"href":"https:\/\/www.oparanews.com.br\/index.php\/wp-json\/wp\/v2\/tags?post=9094"}],"curies":[{"name":"wp","href":"https:\/\/api.w.org\/{rel}","templated":true}]}}