{"id":9101,"date":"2020-09-01T12:54:00","date_gmt":"2020-09-01T12:54:00","guid":{"rendered":"https:\/\/oparanews.com.br\/?p=9101"},"modified":"2020-09-01T12:54:00","modified_gmt":"2020-09-01T12:54:00","slug":"sao-paulo-determina-priorizar-alguns-anos-na-volta-as-aulas","status":"publish","type":"post","link":"https:\/\/www.oparanews.com.br\/index.php\/2020\/09\/01\/sao-paulo-determina-priorizar-alguns-anos-na-volta-as-aulas\/","title":{"rendered":"S\u00e3o Paulo determina priorizar alguns anos na volta \u00e0s aulas"},"content":{"rendered":"<p>O Governo do Estado de S\u00e3o Paulo divulgou, na edi\u00e7\u00e3o do Di\u00e1rio Oficial desta ter\u00e7a-feira, 1\u00ba, as diretrizes para o retorno \u00e0s aulas na rede p\u00fablica e privada de ensino. O retorno, a partir do dia 8 de setembro, ser\u00e1 permitido apenas para atividades n\u00e3o curriculares, em cidades que estejam h\u00e1 pelo menos 28 dias na fase amarela do Plano S\u00e3o Paulo, e priorizar\u00e1 os 1\u00ba, 2\u00ba, 5\u00ba e 9\u00ba anos do ensino fundamental e o 3\u00ba do m\u00e9dio. As institui\u00e7\u00f5es da rede estadual poder\u00e3o receber at\u00e9 20% dos alunos matriculados a cada dia, independentemente da etapa de ensino.<\/p>\n<p>Al\u00e9m dos alunos inscritos nestas s\u00e9ries, os estudantes sem acesso a computadores ou conex\u00e3o de internet para realiza\u00e7\u00e3o das atividades escolares n\u00e3o presenciais ou aqueles que, embora tenham acesso a atividades escolares n\u00e3o presenciais, apresentam dificuldades de aprendizagem, sinais de dist\u00farbios emocionais relacionados ao isolamento social, conforme informado pelos respons\u00e1veis, tamb\u00e9m ter\u00e3o prioridade. A publica\u00e7\u00e3o da portaria com as regras foi antecipada pelo jornal Folha de S.Paulo.<\/p>\n<p>Dentre as atividades presenciais que podem ser ofertadas nesta primeira etapa do retorno s\u00e3o: atividades de refor\u00e7o e recupera\u00e7\u00e3o da aprendizagem; acolhimento emocional; orienta\u00e7\u00e3o de estudos e tutoria pedag\u00f3gica; plant\u00e3o de d\u00favidas; avalia\u00e7\u00e3o diagn\u00f3stica e formativa; atividades esportivas e culturais; utiliza\u00e7\u00e3o da infraestrutura de tecnologia da informa\u00e7\u00e3o da escola para estudo e acompanhamento das atividades escolares n\u00e3o presenciais.<\/p>\n<p>Neste momento, a participa\u00e7\u00e3o dos estudantes n\u00e3o ser\u00e1 obrigat\u00f3ria e aqueles que fazem parte do grupo de risco n\u00e3o dever\u00e3o comparecer \u00e0s aulas presenciais. De acordo com a portaria, a primeira semana de atividades presenciais ser\u00e1 destinada, preferencialmente, a a\u00e7\u00f5es de acolhimento aos estudantes e profissionais da educa\u00e7\u00e3o.<\/p>\n<p>&nbsp;<\/p>\n<p><strong>Fonte: Terra<\/strong><\/p>\n<p>&nbsp;<\/p>\n","protected":false},"excerpt":{"rendered":"<p>O Governo do Estado de S\u00e3o Paulo divulgou, na edi\u00e7\u00e3o do Di\u00e1rio Oficial desta ter\u00e7a-feira, 1\u00ba, as diretrizes para o retorno \u00e0s aulas na rede p\u00fablica e privada de ensino. O retorno, a partir do dia 8 de setembro, ser\u00e1 permitido apenas para atividades n\u00e3o curriculares, em cidades que estejam h\u00e1 pelo menos 28 dias &hellip;<\/p>\n","protected":false},"author":1,"featured_media":9102,"comment_status":"open","ping_status":"open","sticky":false,"template":"","format":"standard","meta":{"_jetpack_newsletter_access":"","_jetpack_dont_email_post_to_subs":false,"_jetpack_newsletter_tier_id":0,"_jetpack_memberships_contains_paywalled_content":false,"_jetpack_memberships_contains_paid_content":false,"footnotes":""},"categories":[1],"tags":[],"class_list":["post-9101","post","type-post","status-publish","format-standard","has-post-thumbnail","hentry","category-destaque"],"jetpack_sharing_enabled":true,"jetpack_featured_media_url":"","_links":{"self":[{"href":"https:\/\/www.oparanews.com.br\/index.php\/wp-json\/wp\/v2\/posts\/9101","targetHints":{"allow":["GET"]}}],"collection":[{"href":"https:\/\/www.oparanews.com.br\/index.php\/wp-json\/wp\/v2\/posts"}],"about":[{"href":"https:\/\/www.oparanews.com.br\/index.php\/wp-json\/wp\/v2\/types\/post"}],"author":[{"embeddable":true,"href":"https:\/\/www.oparanews.com.br\/index.php\/wp-json\/wp\/v2\/users\/1"}],"replies":[{"embeddable":true,"href":"https:\/\/www.oparanews.com.br\/index.php\/wp-json\/wp\/v2\/comments?post=9101"}],"version-history":[{"count":0,"href":"https:\/\/www.oparanews.com.br\/index.php\/wp-json\/wp\/v2\/posts\/9101\/revisions"}],"wp:attachment":[{"href":"https:\/\/www.oparanews.com.br\/index.php\/wp-json\/wp\/v2\/media?parent=9101"}],"wp:term":[{"taxonomy":"category","embeddable":true,"href":"https:\/\/www.oparanews.com.br\/index.php\/wp-json\/wp\/v2\/categories?post=9101"},{"taxonomy":"post_tag","embeddable":true,"href":"https:\/\/www.oparanews.com.br\/index.php\/wp-json\/wp\/v2\/tags?post=9101"}],"curies":[{"name":"wp","href":"https:\/\/api.w.org\/{rel}","templated":true}]}}