{"id":9104,"date":"2020-09-01T12:57:00","date_gmt":"2020-09-01T12:57:00","guid":{"rendered":"https:\/\/oparanews.com.br\/?p=9104"},"modified":"2020-09-01T12:57:00","modified_gmt":"2020-09-01T12:57:00","slug":"barcelona-quer-oferecer-novo-contrato-para-messi-ate-2023","status":"publish","type":"post","link":"https:\/\/www.oparanews.com.br\/index.php\/2020\/09\/01\/barcelona-quer-oferecer-novo-contrato-para-messi-ate-2023\/","title":{"rendered":"Barcelona quer oferecer novo contrato para Messi at\u00e9 2023"},"content":{"rendered":"<p>Uma reuni\u00e3o entre Josep Maria Bartomeu, presidente do Barcelona, e Jorge Messi, pai do craque argentino, pode acontecer nesta quarta-feira na Catalunha, segundo o &#8220;Mundo Deportivo&#8221;. O clube cul\u00e9 ir\u00e1 insistir na quest\u00e3o da renova\u00e7\u00e3o de contrato do camisa 10 at\u00e9 a temporada 2022\/2023, ap\u00f3s o fim da Copa do Mundo do Catar.<\/p>\n<p>Os blaugranas n\u00e3o est\u00e3o dispostos a conversar sobre uma sa\u00edda de Lionel Messi, mas principalmente por uma sa\u00edda sem custos. O clube tem respaldo do contrato e est\u00e1 seguro, segundo seus advogados, de que o argentino n\u00e3o pode sair sem pagar uma cl\u00e1usula de 700 milh\u00f5es de euros (mais de 4 bilh\u00f5es) imposta no acordo.<\/p>\n<p>J\u00e1 Jorge Messi ir\u00e1 conversar sobre as op\u00e7\u00f5es para o filho, uma vez que o camisa 10 n\u00e3o se v\u00ea vestindo a camisa cul\u00e9, al\u00e9m de n\u00e3o acreditar no projeto de Koeman e n\u00e3o concordar com algumas atitudes do novo t\u00e9cnico. O pai do atleta quer buscar uma sa\u00edda amistosa para que o caso n\u00e3o tenha que ser decidido no tribunal.<\/p>\n<p>A situa\u00e7\u00e3o \u00e9 delicada e Messi for\u00e7a uma sa\u00edda a todo custo, como quando n\u00e3o comparece aos exames de Covid-19 e falta treinos de prepara\u00e7\u00e3o para a pr\u00f3xima temporada. O futuro do camisa 10 segue incerto, mas \u00e9 prov\u00e1vel que o argentino s\u00f3 consiga sair livre do clube no pr\u00f3ximo ano, no fim do seu v\u00ednculo.<\/p>\n<p>&nbsp;<\/p>\n<p><strong>Fonte: LANCE!<\/strong><\/p>\n<p>&nbsp;<\/p>\n","protected":false},"excerpt":{"rendered":"<p>Uma reuni\u00e3o entre Josep Maria Bartomeu, presidente do Barcelona, e Jorge Messi, pai do craque argentino, pode acontecer nesta quarta-feira na Catalunha, segundo o &#8220;Mundo Deportivo&#8221;. O clube cul\u00e9 ir\u00e1 insistir na quest\u00e3o da renova\u00e7\u00e3o de contrato do camisa 10 at\u00e9 a temporada 2022\/2023, ap\u00f3s o fim da Copa do Mundo do Catar. Os blaugranas &hellip;<\/p>\n","protected":false},"author":1,"featured_media":9105,"comment_status":"open","ping_status":"open","sticky":false,"template":"","format":"standard","meta":{"_jetpack_newsletter_access":"","_jetpack_dont_email_post_to_subs":false,"_jetpack_newsletter_tier_id":0,"_jetpack_memberships_contains_paywalled_content":false,"_jetpack_memberships_contains_paid_content":false,"footnotes":""},"categories":[1],"tags":[],"class_list":["post-9104","post","type-post","status-publish","format-standard","has-post-thumbnail","hentry","category-destaque"],"jetpack_sharing_enabled":true,"jetpack_featured_media_url":"","_links":{"self":[{"href":"https:\/\/www.oparanews.com.br\/index.php\/wp-json\/wp\/v2\/posts\/9104","targetHints":{"allow":["GET"]}}],"collection":[{"href":"https:\/\/www.oparanews.com.br\/index.php\/wp-json\/wp\/v2\/posts"}],"about":[{"href":"https:\/\/www.oparanews.com.br\/index.php\/wp-json\/wp\/v2\/types\/post"}],"author":[{"embeddable":true,"href":"https:\/\/www.oparanews.com.br\/index.php\/wp-json\/wp\/v2\/users\/1"}],"replies":[{"embeddable":true,"href":"https:\/\/www.oparanews.com.br\/index.php\/wp-json\/wp\/v2\/comments?post=9104"}],"version-history":[{"count":0,"href":"https:\/\/www.oparanews.com.br\/index.php\/wp-json\/wp\/v2\/posts\/9104\/revisions"}],"wp:attachment":[{"href":"https:\/\/www.oparanews.com.br\/index.php\/wp-json\/wp\/v2\/media?parent=9104"}],"wp:term":[{"taxonomy":"category","embeddable":true,"href":"https:\/\/www.oparanews.com.br\/index.php\/wp-json\/wp\/v2\/categories?post=9104"},{"taxonomy":"post_tag","embeddable":true,"href":"https:\/\/www.oparanews.com.br\/index.php\/wp-json\/wp\/v2\/tags?post=9104"}],"curies":[{"name":"wp","href":"https:\/\/api.w.org\/{rel}","templated":true}]}}