{"id":9107,"date":"2020-09-01T13:03:29","date_gmt":"2020-09-01T13:03:29","guid":{"rendered":"https:\/\/oparanews.com.br\/?p=9107"},"modified":"2020-09-01T13:03:29","modified_gmt":"2020-09-01T13:03:29","slug":"csa-anuncia-retorno-do-tecnico-argel-fucks","status":"publish","type":"post","link":"https:\/\/www.oparanews.com.br\/index.php\/2020\/09\/01\/csa-anuncia-retorno-do-tecnico-argel-fucks\/","title":{"rendered":"CSA anuncia retorno do t\u00e9cnico Argel Fucks"},"content":{"rendered":"<p>O t\u00e9cnico Argel Fucks est\u00e1 de volta ao CSA. O an\u00fancio foi oficializado no in\u00edcio da tarde desta segunda-feira (31), pela assessoria de comunica\u00e7\u00e3o do clube marujo. Ele chega para substituir o t\u00e9cnico Eduardo Baptista, que saiu ap\u00f3s a derrota para o CRB no Cl\u00e1ssico das Multid\u00f5es.<\/p>\n<p>&#8220;Argel Fucks \u00e9 o novo comandante t\u00e9cnico do CSA. Com ele tamb\u00e9m chegam o Auxiliar T\u00e9cnico Galeguinho e o Preparador F\u00edsico Rog\u00e9rio Juidecce. Do aeroporto, Argel j\u00e1 segue direto para o CT Nelson Feij\u00f3, onde comanda treinamento visando a partida de quarta-feira (2) contra o Am\u00e9rica-MG, em Belo Horizonte. Desejamos boa sorte nesse retorno ao Azul\u00e3o! Seja bem-vindo, Professor!&#8221;, publicou o Azul\u00e3o no site oficial.<\/p>\n<p>Argel retorna ao CSA ap\u00f3s sa\u00edda conturbada na reta final da S\u00e9rie A do Brasileir\u00e3o de 2019, quando trocou o time alagoano pelo Cear\u00e1, concorrente direto na briga pela perman\u00eancia na ocasi\u00e3o. A sa\u00edda do treinador n\u00e3o repercutiu bem entre os torcedores na \u00e9poca.<\/p>\n<p>Agora Argel volta ao clube para tentar organizar a casa na S\u00e9rie B do Campeonato Brasileiro. Com apenas tr\u00eas pontos e dois jogos a menos por causa da covid-19, o CSA ocupa a 16\u00aa posi\u00e7\u00e3o na tabela. O pr\u00f3ximo duelo \u00e9 contra o Am\u00e9rica-MG nesta quarta-feira (2), \u00e0s 16h30, no Independ\u00eancia, em Belo Horizonte.<\/p>\n<p>&nbsp;<\/p>\n<p><strong>Fonte: TNH1<\/strong><\/p>\n<p>&nbsp;<\/p>\n","protected":false},"excerpt":{"rendered":"<p>O t\u00e9cnico Argel Fucks est\u00e1 de volta ao CSA. O an\u00fancio foi oficializado no in\u00edcio da tarde desta segunda-feira (31), pela assessoria de comunica\u00e7\u00e3o do clube marujo. Ele chega para substituir o t\u00e9cnico Eduardo Baptista, que saiu ap\u00f3s a derrota para o CRB no Cl\u00e1ssico das Multid\u00f5es. &#8220;Argel Fucks \u00e9 o novo comandante t\u00e9cnico do &hellip;<\/p>\n","protected":false},"author":1,"featured_media":9108,"comment_status":"open","ping_status":"open","sticky":false,"template":"","format":"standard","meta":{"_jetpack_newsletter_access":"","_jetpack_dont_email_post_to_subs":false,"_jetpack_newsletter_tier_id":0,"_jetpack_memberships_contains_paywalled_content":false,"_jetpack_memberships_contains_paid_content":false,"footnotes":""},"categories":[1],"tags":[],"class_list":["post-9107","post","type-post","status-publish","format-standard","has-post-thumbnail","hentry","category-destaque"],"jetpack_sharing_enabled":true,"jetpack_featured_media_url":"","_links":{"self":[{"href":"https:\/\/www.oparanews.com.br\/index.php\/wp-json\/wp\/v2\/posts\/9107","targetHints":{"allow":["GET"]}}],"collection":[{"href":"https:\/\/www.oparanews.com.br\/index.php\/wp-json\/wp\/v2\/posts"}],"about":[{"href":"https:\/\/www.oparanews.com.br\/index.php\/wp-json\/wp\/v2\/types\/post"}],"author":[{"embeddable":true,"href":"https:\/\/www.oparanews.com.br\/index.php\/wp-json\/wp\/v2\/users\/1"}],"replies":[{"embeddable":true,"href":"https:\/\/www.oparanews.com.br\/index.php\/wp-json\/wp\/v2\/comments?post=9107"}],"version-history":[{"count":0,"href":"https:\/\/www.oparanews.com.br\/index.php\/wp-json\/wp\/v2\/posts\/9107\/revisions"}],"wp:attachment":[{"href":"https:\/\/www.oparanews.com.br\/index.php\/wp-json\/wp\/v2\/media?parent=9107"}],"wp:term":[{"taxonomy":"category","embeddable":true,"href":"https:\/\/www.oparanews.com.br\/index.php\/wp-json\/wp\/v2\/categories?post=9107"},{"taxonomy":"post_tag","embeddable":true,"href":"https:\/\/www.oparanews.com.br\/index.php\/wp-json\/wp\/v2\/tags?post=9107"}],"curies":[{"name":"wp","href":"https:\/\/api.w.org\/{rel}","templated":true}]}}