{"id":9110,"date":"2020-09-01T13:07:42","date_gmt":"2020-09-01T13:07:42","guid":{"rendered":"https:\/\/oparanews.com.br\/?p=9110"},"modified":"2020-09-01T13:07:42","modified_gmt":"2020-09-01T13:07:42","slug":"carlos-nascimento-pode-nao-renovar-contrato-com-o-sbt","status":"publish","type":"post","link":"https:\/\/www.oparanews.com.br\/index.php\/2020\/09\/01\/carlos-nascimento-pode-nao-renovar-contrato-com-o-sbt\/","title":{"rendered":"Carlos Nascimento pode n\u00e3o renovar contrato com o SBT"},"content":{"rendered":"<p>N\u00e3o \u00e9 s\u00f3 Rachel Sheherazade que parece estar com os seus dias contados no SBT. Seu parceiro de bancada do SBT Brasil, Carlos Nascimento tamb\u00e9m pode n\u00e3o renovar o seu v\u00ednculo com a emissora.<\/p>\n<p>Segundo o jornalista Fl\u00e1vio Ricco, do R7, o \u00e2ncora \u00e9 um forte candidato a deixar o canal de Silvio Santos, ap\u00f3s o atual contrato chegar ao fim. A aposta \u00e9 o que tem circulado nos corredores da Anhanguera.<\/p>\n<p>No departamento de jornalismo h\u00e1 quem assegure que o apresentador do principal telejornal da Casa formalize o seu desligamento. Por\u00e9m, ao inv\u00e9s de fechar com a concorr\u00eancia, o destino de Carlos Nascimento seria uma aposentadoria.<\/p>\n<p>Certeza do futuro, entretanto, ningu\u00e9m tem, ainda mais diante das circunst\u00e2ncias e dificuldades do atual momento, devido a pandemia. Apesar da simpatia que apresenta com o patr\u00e3o Silvio Santos, o desejo de Carlos de descansar pode falar mais alto.<\/p>\n<p>Cabe ressaltar que a \u00faltima vez que foi divulgado sobre uma renova\u00e7\u00e3o de contrato do \u00e2ncora com o SBT foi em janeiro de 2014, meses ap\u00f3s o jornalista ser afastado para passar por um tratamento de c\u00e2ncer no intestino. Na \u00e9poca n\u00e3o foi divulgado o per\u00edodo que o contrato valeria.<\/p>\n<p>Nascimento assinou um acordo com a emissora paulista, pela primeira vez, em fevereiro de 2006, ap\u00f3s uma r\u00e1pida passagem pela Band, quando se transferiu ap\u00f3s 24 anos de servi\u00e7os prestados \u00e0 Globo.<\/p>\n<p>&nbsp;<\/p>\n<p><strong>Fonte: RD1<\/strong><\/p>\n<p>&nbsp;<\/p>\n","protected":false},"excerpt":{"rendered":"<p>N\u00e3o \u00e9 s\u00f3 Rachel Sheherazade que parece estar com os seus dias contados no SBT. Seu parceiro de bancada do SBT Brasil, Carlos Nascimento tamb\u00e9m pode n\u00e3o renovar o seu v\u00ednculo com a emissora. Segundo o jornalista Fl\u00e1vio Ricco, do R7, o \u00e2ncora \u00e9 um forte candidato a deixar o canal de Silvio Santos, ap\u00f3s &hellip;<\/p>\n","protected":false},"author":1,"featured_media":9111,"comment_status":"open","ping_status":"open","sticky":false,"template":"","format":"standard","meta":{"_jetpack_newsletter_access":"","_jetpack_dont_email_post_to_subs":false,"_jetpack_newsletter_tier_id":0,"_jetpack_memberships_contains_paywalled_content":false,"_jetpack_memberships_contains_paid_content":false,"footnotes":""},"categories":[1],"tags":[],"class_list":["post-9110","post","type-post","status-publish","format-standard","has-post-thumbnail","hentry","category-destaque"],"jetpack_sharing_enabled":true,"jetpack_featured_media_url":"","_links":{"self":[{"href":"https:\/\/www.oparanews.com.br\/index.php\/wp-json\/wp\/v2\/posts\/9110","targetHints":{"allow":["GET"]}}],"collection":[{"href":"https:\/\/www.oparanews.com.br\/index.php\/wp-json\/wp\/v2\/posts"}],"about":[{"href":"https:\/\/www.oparanews.com.br\/index.php\/wp-json\/wp\/v2\/types\/post"}],"author":[{"embeddable":true,"href":"https:\/\/www.oparanews.com.br\/index.php\/wp-json\/wp\/v2\/users\/1"}],"replies":[{"embeddable":true,"href":"https:\/\/www.oparanews.com.br\/index.php\/wp-json\/wp\/v2\/comments?post=9110"}],"version-history":[{"count":0,"href":"https:\/\/www.oparanews.com.br\/index.php\/wp-json\/wp\/v2\/posts\/9110\/revisions"}],"wp:attachment":[{"href":"https:\/\/www.oparanews.com.br\/index.php\/wp-json\/wp\/v2\/media?parent=9110"}],"wp:term":[{"taxonomy":"category","embeddable":true,"href":"https:\/\/www.oparanews.com.br\/index.php\/wp-json\/wp\/v2\/categories?post=9110"},{"taxonomy":"post_tag","embeddable":true,"href":"https:\/\/www.oparanews.com.br\/index.php\/wp-json\/wp\/v2\/tags?post=9110"}],"curies":[{"name":"wp","href":"https:\/\/api.w.org\/{rel}","templated":true}]}}