{"id":9121,"date":"2020-09-01T14:31:22","date_gmt":"2020-09-01T14:31:22","guid":{"rendered":"https:\/\/oparanews.com.br\/?p=9121"},"modified":"2020-09-01T14:31:22","modified_gmt":"2020-09-01T14:31:22","slug":"sarampo-campanha-de-vacinacao-para-adultos-e-prorrogada-em-todo-o-pais","status":"publish","type":"post","link":"https:\/\/www.oparanews.com.br\/index.php\/2020\/09\/01\/sarampo-campanha-de-vacinacao-para-adultos-e-prorrogada-em-todo-o-pais\/","title":{"rendered":"Sarampo: campanha de vacina\u00e7\u00e3o para adultos \u00e9 prorrogada em todo o pa\u00eds"},"content":{"rendered":"<p>O Minist\u00e9rio da Sa\u00fade anunciou que a campanha de vacina\u00e7\u00e3o contra o sarampo ser\u00e1 prorrogada em todo o pa\u00eds. Confira mais informa\u00e7\u00f5es, aqui no Sa\u00fadelab.<\/p>\n<p>Sobre a vacina\u00e7\u00e3o, anteriormente ela estava prevista para ser encerrada nessa pr\u00f3xima segunda-feira (31\/08\/2020). Contudo, mediante a baixa ades\u00e3o populacional \u00e0 campanha, fez-se necess\u00e1rio aderir pela sua prorroga\u00e7\u00e3o.<\/p>\n<p>Continue lendo para conferir at\u00e9 quando \u00e9 poss\u00edvel realizar a vacina contra essa grave doen\u00e7a e quem deve tom\u00e1-la.<\/p>\n<p>Campanha de vacina\u00e7\u00e3o contra o sarampo continua<\/p>\n<p>A prorroga\u00e7\u00e3o, segundo o pr\u00f3prio Minist\u00e9rio da Sa\u00fade, ocorreu ap\u00f3s a an\u00e1lise de dados advindos das Secretarias Estaduais de Sa\u00fade (SES) com estat\u00edsticas abaixo do esperado.<\/p>\n<p>Conforme registrado, desde o in\u00edcio da campanha de vacina\u00e7\u00e3o, ocorrido em 16 de mar\u00e7o, apenas 5,29 milh\u00f5es de pessoas teriam sido imunizadas contra a doen\u00e7a.<\/p>\n<p>Por outro lado, as expectativas eram de que mais de 90 milh\u00f5es e pessoas aderissem \u00e0 campanha contra o sarampo e fossem vacinadas afim de garantir maior cobertura \u00e1 popula\u00e7\u00e3o contra essa doen\u00e7a, antes controlada, volta a emergir em escala preocupante.<\/p>\n<p>At\u00e9 quando \u00e9 poss\u00edvel receber a vacina da Campanha atual?<\/p>\n<p>O Minist\u00e9rio da Sa\u00fade anunciou que a prorroga\u00e7\u00e3o da campanha de vacina\u00e7\u00e3o ocorrer\u00e1 at\u00e9 31 de outubro para a popula\u00e7\u00e3o adulta entre 20 e 49 anos.<\/p>\n<p>Quem precisa tomar vacina contra sarampo?<\/p>\n<p>\u00c9 recomendado que sejam tomadas duas doses da vacina durante a vida. Portanto, quem tem entre 01 e 29 anos e n\u00e3o tomou ambas as doses deve participar da campanha.<\/p>\n<p>Entretanto, atualmente a recomenda\u00e7\u00e3o do Minist\u00e9rio da Sa\u00fade \u00e9 que todas as pessoas sejam vacinadas neste ano, independentemente da situa\u00e7\u00e3o vacinal anterior.<\/p>\n<p>Onde tomar a vacina de sarampo?<\/p>\n<p>As Secretarias de Sa\u00fade de todos os estados do pa\u00eds est\u00e3o em parceria com o Governo Federal para a realiza\u00e7\u00e3o da campanha de vacina\u00e7\u00e3o na Aten\u00e7\u00e3o B\u00e1sica.<\/p>\n<p>Portanto, \u00e9 poss\u00edvel se vacinar em qualquer Unidade B\u00e1sica de Sa\u00fade (UBS) mais pr\u00f3xima da resid\u00eancia, que possua Sala de Vacina\u00e7\u00e3o, ou seja, no posto de sa\u00fade. \u201cL\u00e1 a situa\u00e7\u00e3o vacinal ser\u00e1 avaliada e atualizada conforme recomenda\u00e7\u00f5es do calend\u00e1rio b\u00e1sico de vacina\u00e7\u00e3o\u201d, informa o Minist\u00e9rio da Sa\u00fade (MS) por meio de seu Site.<\/p>\n<p>Lembre-se de levar o cart\u00e3o de vacina, caso o possua. Ele \u00e9 um documento importante onde ficar\u00e1 registrado quais vacinas tomou. Segundo dados do Minist\u00e9rio da Sa\u00fade (MS) onze Estados brasileiros permanecem em surto de sarampo. Essa \u00e9 uma doen\u00e7a viral, altamente contagiosa, \u00e9 poss\u00edvel que uma pessoa infecte outras 18 rapidamente.<\/p>\n<p>Aten\u00e7\u00e3o: a vacina\u00e7\u00e3o \u00e9 oferecida gratuitamente e a imuniza\u00e7\u00e3o contra o sarampo \u00e9 importante mesmo durante a pandemia de Covid-19.<\/p>\n<p>&nbsp;<\/p>\n<p>Fonte: <strong><a href=\"https:\/\/saudelab.com\/\">Saudelab<\/a><\/strong><\/p>\n<p>&nbsp;<\/p>\n","protected":false},"excerpt":{"rendered":"<p>O Minist\u00e9rio da Sa\u00fade anunciou que a campanha de vacina\u00e7\u00e3o contra o sarampo ser\u00e1 prorrogada em todo o pa\u00eds. Confira mais informa\u00e7\u00f5es, aqui no Sa\u00fadelab. Sobre a vacina\u00e7\u00e3o, anteriormente ela estava prevista para ser encerrada nessa pr\u00f3xima segunda-feira (31\/08\/2020). Contudo, mediante a baixa ades\u00e3o populacional \u00e0 campanha, fez-se necess\u00e1rio aderir pela sua prorroga\u00e7\u00e3o. Continue lendo &hellip;<\/p>\n","protected":false},"author":1,"featured_media":9122,"comment_status":"open","ping_status":"open","sticky":false,"template":"","format":"standard","meta":{"_jetpack_newsletter_access":"","_jetpack_dont_email_post_to_subs":false,"_jetpack_newsletter_tier_id":0,"_jetpack_memberships_contains_paywalled_content":false,"_jetpack_memberships_contains_paid_content":false,"footnotes":""},"categories":[1],"tags":[],"class_list":["post-9121","post","type-post","status-publish","format-standard","has-post-thumbnail","hentry","category-destaque"],"jetpack_sharing_enabled":true,"jetpack_featured_media_url":"","_links":{"self":[{"href":"https:\/\/www.oparanews.com.br\/index.php\/wp-json\/wp\/v2\/posts\/9121","targetHints":{"allow":["GET"]}}],"collection":[{"href":"https:\/\/www.oparanews.com.br\/index.php\/wp-json\/wp\/v2\/posts"}],"about":[{"href":"https:\/\/www.oparanews.com.br\/index.php\/wp-json\/wp\/v2\/types\/post"}],"author":[{"embeddable":true,"href":"https:\/\/www.oparanews.com.br\/index.php\/wp-json\/wp\/v2\/users\/1"}],"replies":[{"embeddable":true,"href":"https:\/\/www.oparanews.com.br\/index.php\/wp-json\/wp\/v2\/comments?post=9121"}],"version-history":[{"count":0,"href":"https:\/\/www.oparanews.com.br\/index.php\/wp-json\/wp\/v2\/posts\/9121\/revisions"}],"wp:attachment":[{"href":"https:\/\/www.oparanews.com.br\/index.php\/wp-json\/wp\/v2\/media?parent=9121"}],"wp:term":[{"taxonomy":"category","embeddable":true,"href":"https:\/\/www.oparanews.com.br\/index.php\/wp-json\/wp\/v2\/categories?post=9121"},{"taxonomy":"post_tag","embeddable":true,"href":"https:\/\/www.oparanews.com.br\/index.php\/wp-json\/wp\/v2\/tags?post=9121"}],"curies":[{"name":"wp","href":"https:\/\/api.w.org\/{rel}","templated":true}]}}