{"id":9124,"date":"2020-09-01T18:55:35","date_gmt":"2020-09-01T18:55:35","guid":{"rendered":"https:\/\/oparanews.com.br\/?p=9124"},"modified":"2020-09-01T18:55:35","modified_gmt":"2020-09-01T18:55:35","slug":"tremor-de-terra-no-interior-sergipano-e-sentido-em-sao-bras","status":"publish","type":"post","link":"https:\/\/www.oparanews.com.br\/index.php\/2020\/09\/01\/tremor-de-terra-no-interior-sergipano-e-sentido-em-sao-bras\/","title":{"rendered":"Tremor de terra no interior sergipano \u00e9 sentido em S\u00e3o Br\u00e1s"},"content":{"rendered":"<p>Um novo tremor de terra foi registrado na Regi\u00e3o do Baixo S\u00e3o Francisco, em Sergipe, \u00e0s 8h32 desta ter\u00e7a-feira (1\u00ba). De acordo com o Laborat\u00f3rio de Sismologia (LabSis) da Universidade Federal do Rio Grande do Norte (UFRN), que monitora esse tipo de atividade no Nordeste, a magnitude foi de 2.7, maior que as registradas entre domingo (30) e segunda-feira (31) no munic\u00edpio de Canhoba.<\/p>\n<p>Moradores das cidades de Amparo do S\u00e3o Francisco e Canhoba relataram que os abalos come\u00e7aram a ocorrer durante a madrugada desta ter\u00e7a. O tremor tamb\u00e9m foi sentido no munic\u00edpio de S\u00e3o Br\u00e1s, em Alagoas.<\/p>\n<p>&#8220;A nossa regi\u00e3o aqui do Baixo S\u00e3o Francisco est\u00e1 sofrendo abalos s\u00edsmicos, tremores de terra e os moradores est\u00e3o com medo. Na madrugada de ontem pra hoje aconteceram tr\u00eas abalos, chegaram a acordar o pessoal da regi\u00e3o. E na manh\u00e3 de todos o mais forte de todos, com um estrondo bem alto e a terra balan\u00e7ando, tremendo&#8221;, disse Rafael Barreto, de Amparo.<\/p>\n<p>O professor F\u00e1bio Santos, morador do mesmo munic\u00edpio, disse que o fato \u00e9 recorrente.&#8221;O tremor de hoje n\u00e3o afetou nada, mas nos deixou assustado, pois foi muito forte. N\u00e3o \u00e9 a primeira vez que isso acontece, recentemente foi sentido mais forte na cidade de Canhoba e n\u00f3s s\u00f3 sentimos reflexos aqui em Amparo, mas hoje em Amparo foi muito forte&#8221;.<\/p>\n<p>Em Canhoba, populares contam que esse foi um dos tremores mais fortes j\u00e1 sentidos. &#8220;A terra tremeu hoje aqui na cidade de Canhoba, deixando os moradores aflitos. Foi um dos abalos mais fortes j\u00e1 ouvido aqui pela nossa regi\u00e3o. Estamos todos preocupados. Boatos nas ruas, as pessoas assustadas com a situa\u00e7\u00e3o&#8221;, disse o morador Wanderley Santos.<\/p>\n<p>&nbsp;<\/p>\n<p><strong>Fonte: G1\/SE<\/strong><\/p>\n<p>&nbsp;<\/p>\n","protected":false},"excerpt":{"rendered":"<p>Um novo tremor de terra foi registrado na Regi\u00e3o do Baixo S\u00e3o Francisco, em Sergipe, \u00e0s 8h32 desta ter\u00e7a-feira (1\u00ba). De acordo com o Laborat\u00f3rio de Sismologia (LabSis) da Universidade Federal do Rio Grande do Norte (UFRN), que monitora esse tipo de atividade no Nordeste, a magnitude foi de 2.7, maior que as registradas entre &hellip;<\/p>\n","protected":false},"author":1,"featured_media":9125,"comment_status":"open","ping_status":"open","sticky":false,"template":"","format":"standard","meta":{"_jetpack_newsletter_access":"","_jetpack_dont_email_post_to_subs":false,"_jetpack_newsletter_tier_id":0,"_jetpack_memberships_contains_paywalled_content":false,"_jetpack_memberships_contains_paid_content":false,"footnotes":""},"categories":[1],"tags":[],"class_list":["post-9124","post","type-post","status-publish","format-standard","has-post-thumbnail","hentry","category-destaque"],"jetpack_sharing_enabled":true,"jetpack_featured_media_url":"","_links":{"self":[{"href":"https:\/\/www.oparanews.com.br\/index.php\/wp-json\/wp\/v2\/posts\/9124","targetHints":{"allow":["GET"]}}],"collection":[{"href":"https:\/\/www.oparanews.com.br\/index.php\/wp-json\/wp\/v2\/posts"}],"about":[{"href":"https:\/\/www.oparanews.com.br\/index.php\/wp-json\/wp\/v2\/types\/post"}],"author":[{"embeddable":true,"href":"https:\/\/www.oparanews.com.br\/index.php\/wp-json\/wp\/v2\/users\/1"}],"replies":[{"embeddable":true,"href":"https:\/\/www.oparanews.com.br\/index.php\/wp-json\/wp\/v2\/comments?post=9124"}],"version-history":[{"count":0,"href":"https:\/\/www.oparanews.com.br\/index.php\/wp-json\/wp\/v2\/posts\/9124\/revisions"}],"wp:attachment":[{"href":"https:\/\/www.oparanews.com.br\/index.php\/wp-json\/wp\/v2\/media?parent=9124"}],"wp:term":[{"taxonomy":"category","embeddable":true,"href":"https:\/\/www.oparanews.com.br\/index.php\/wp-json\/wp\/v2\/categories?post=9124"},{"taxonomy":"post_tag","embeddable":true,"href":"https:\/\/www.oparanews.com.br\/index.php\/wp-json\/wp\/v2\/tags?post=9124"}],"curies":[{"name":"wp","href":"https:\/\/api.w.org\/{rel}","templated":true}]}}