{"id":9137,"date":"2020-09-02T00:51:04","date_gmt":"2020-09-02T00:51:04","guid":{"rendered":"https:\/\/oparanews.com.br\/?p=9137"},"modified":"2020-09-02T00:51:04","modified_gmt":"2020-09-02T00:51:04","slug":"boletim-desta-terca-1o-registra-1103-pessoas-curadas-da-covid-19-em-penedo","status":"publish","type":"post","link":"https:\/\/www.oparanews.com.br\/index.php\/2020\/09\/02\/boletim-desta-terca-1o-registra-1103-pessoas-curadas-da-covid-19-em-penedo\/","title":{"rendered":"Boletim desta ter\u00e7a, 1\u00ba, registra 1103 pessoas curadas da Covid-19 em Penedo"},"content":{"rendered":"<p>A SEMS Penedo divulgou nesta ter\u00e7a-feira, 1\u00ba de Setembro, os dados di\u00e1rios referentes a pandemia do novo coronav\u00edrus no munic\u00edpio. De acordo com os n\u00fameros, do total de pessoas infectadas, 1103 j\u00e1 est\u00e3o curadas da doen\u00e7a, ap\u00f3s passarem pelo per\u00edodo de recupera\u00e7\u00e3o.<\/p>\n<p>O boletim epidemiol\u00f3gico atualizado tamb\u00e9m mostra que 94 pessoas est\u00e3o sendo monitoradas, um caso \u00e9 considerado suspeito, 1146 casos foram descartados, 1225 casos foram confirmados desde o in\u00edcio da pandemia e 13 pessoas morreram vitimas de Covid-19 em Penedo.<\/p>\n<p>Os n\u00fameros de casos por localidade, apontam que a maior quantidade de casos continua localizada no Bairro Dom Constantino com 349, seguindo pelo Bairro Santa Luzia com 222 e o Centro da cidade com 175. Na zona rural o Povoado Tabuleiro dos Negros tornou-se a localidade com maior numero de infectados com 44 casos.<\/p>\n<p>Os n\u00fameros de casos por localidade seguem a seguinte rela\u00e7\u00e3o<\/p>\n<p><strong>Zona Urbana<\/strong><\/p>\n<p>Bairro Dom Constantino \u2013 349<\/p>\n<p>Bairro Santa Luzia \u2013222<\/p>\n<p>Centro da cidade \u2013175<\/p>\n<p>Bairro Raimundo Marinho \u2013119<\/p>\n<p>Bairro Senhor do Bonfim \u2013103<\/p>\n<p>Bairro Santo Ant\u00f4nio \u201366<\/p>\n<p>Bairro Santa Izabel \u2013 49<\/p>\n<p>Bairro Santa Cec\u00edlia \u2013 13<\/p>\n<p><strong>Zona Rural<\/strong><\/p>\n<p>Povoado Tabuleiro dos Negros \u201344<\/p>\n<p>Povoado Palmeira Alta \u2013 24<\/p>\n<p>Cooperativa 1\u00ba e 2\u00ba N\u00facleo \u2013 37<\/p>\n<p>Povoado Santa Margarida \u2013 14<\/p>\n<p>Povoado Capela \u2013 08<\/p>\n<p>Povoado Ponta Mofina \u2013 02<\/p>\n<p>A Prefeitura de Penedo informa ainda que Unidade de S\u00edndromes Gripais localizada na Avenida Wanderlei, nas proximidades do trevo da \u201cToca do \u00cdndio\u201d , est\u00e1 funcionando de Segunda a Sexta-feira das 8h \u00e0s 17h. Devendo a popula\u00e7\u00e3o procurar o centro especializado ao sentirem os primeiros sintomas de Covid-19.<\/p>\n<p>&nbsp;<\/p>\n<p><strong>por Thiago Sobral- Jornalista Decom (PMP)<\/strong><\/p>\n<p>&nbsp;<\/p>\n","protected":false},"excerpt":{"rendered":"<p>A SEMS Penedo divulgou nesta ter\u00e7a-feira, 1\u00ba de Setembro, os dados di\u00e1rios referentes a pandemia do novo coronav\u00edrus no munic\u00edpio. De acordo com os n\u00fameros, do total de pessoas infectadas, 1103 j\u00e1 est\u00e3o curadas da doen\u00e7a, ap\u00f3s passarem pelo per\u00edodo de recupera\u00e7\u00e3o. O boletim epidemiol\u00f3gico atualizado tamb\u00e9m mostra que 94 pessoas est\u00e3o sendo monitoradas, um &hellip;<\/p>\n","protected":false},"author":1,"featured_media":9142,"comment_status":"open","ping_status":"open","sticky":false,"template":"","format":"standard","meta":{"_jetpack_newsletter_access":"","_jetpack_dont_email_post_to_subs":false,"_jetpack_newsletter_tier_id":0,"_jetpack_memberships_contains_paywalled_content":false,"_jetpack_memberships_contains_paid_content":false,"footnotes":""},"categories":[1],"tags":[],"class_list":["post-9137","post","type-post","status-publish","format-standard","has-post-thumbnail","hentry","category-destaque"],"jetpack_sharing_enabled":true,"jetpack_featured_media_url":"","_links":{"self":[{"href":"https:\/\/www.oparanews.com.br\/index.php\/wp-json\/wp\/v2\/posts\/9137","targetHints":{"allow":["GET"]}}],"collection":[{"href":"https:\/\/www.oparanews.com.br\/index.php\/wp-json\/wp\/v2\/posts"}],"about":[{"href":"https:\/\/www.oparanews.com.br\/index.php\/wp-json\/wp\/v2\/types\/post"}],"author":[{"embeddable":true,"href":"https:\/\/www.oparanews.com.br\/index.php\/wp-json\/wp\/v2\/users\/1"}],"replies":[{"embeddable":true,"href":"https:\/\/www.oparanews.com.br\/index.php\/wp-json\/wp\/v2\/comments?post=9137"}],"version-history":[{"count":0,"href":"https:\/\/www.oparanews.com.br\/index.php\/wp-json\/wp\/v2\/posts\/9137\/revisions"}],"wp:attachment":[{"href":"https:\/\/www.oparanews.com.br\/index.php\/wp-json\/wp\/v2\/media?parent=9137"}],"wp:term":[{"taxonomy":"category","embeddable":true,"href":"https:\/\/www.oparanews.com.br\/index.php\/wp-json\/wp\/v2\/categories?post=9137"},{"taxonomy":"post_tag","embeddable":true,"href":"https:\/\/www.oparanews.com.br\/index.php\/wp-json\/wp\/v2\/tags?post=9137"}],"curies":[{"name":"wp","href":"https:\/\/api.w.org\/{rel}","templated":true}]}}