{"id":9175,"date":"2020-09-04T23:55:33","date_gmt":"2020-09-04T23:55:33","guid":{"rendered":"https:\/\/oparanews.com.br\/?p=9175"},"modified":"2020-09-04T23:55:33","modified_gmt":"2020-09-04T23:55:33","slug":"fim-de-semana-em-alagoas-deve-ser-de-sol-e-chuva-rapida","status":"publish","type":"post","link":"https:\/\/www.oparanews.com.br\/index.php\/2020\/09\/04\/fim-de-semana-em-alagoas-deve-ser-de-sol-e-chuva-rapida\/","title":{"rendered":"Fim de semana em Alagoas deve ser de sol e chuva r\u00e1pida"},"content":{"rendered":"<p>O fim de semana vai ser de tempo inst\u00e1vel em Alagoas, com possibilidade de chuva r\u00e1pida no s\u00e1bado e dia ensolarado no domingo. Em Macei\u00f3, a previs\u00e3o para esta sexta-feira (4) \u00e9 de chuva r\u00e1pida \u00e0 noite, e a temperatura m\u00e1xima pode chegar a 29\u00b0C na capital.<\/p>\n<p>O tempo pode esfriar no Sert\u00e3o no s\u00e1bado (5) e no domingo (6), com m\u00ednima de 20\u00b0C.<\/p>\n<p>As informa\u00e7\u00f5es s\u00e3o da Sala de Alerta da Secretaria de Estado do Meio Ambiente e dos Recursos H\u00eddricos (Semarh). Confira os detalhes abaixo:<\/p>\n<p>S\u00e1bado<\/p>\n<p>Macei\u00f3<\/p>\n<p>Clima: nebulosidade vari\u00e1vel com possibilidade de chuva r\u00e1pida no decorrer do per\u00edodo<br \/>\nVaria\u00e7\u00e3o de temperatura: 23\u00baC a 28\u00baC<\/p>\n<p>Agreste<\/p>\n<p>Clima: per\u00edodos curtos de sol intercalados com per\u00edodos de nuvens<br \/>\nVaria\u00e7\u00e3o de temperatura: 21\u00baC a 29\u00baC<\/p>\n<p>Baixo S\u00e3o Francisco<\/p>\n<p>Clima: nebulosidade vari\u00e1vel com possibilidade de chuva r\u00e1pida no decorrer do per\u00edodo<br \/>\nVaria\u00e7\u00e3o de temperatura: 22\u00baC a 28\u00baC<\/p>\n<p>Litoral<\/p>\n<p>Clima: nebulosidade vari\u00e1vel com possibilidade de chuva r\u00e1pida no decorrer do per\u00edodo<br \/>\nVaria\u00e7\u00e3o de temperatura: 22\u00baC a 28\u00baC<\/p>\n<p>Sert\u00e3o<\/p>\n<p>Clima: per\u00edodos curtos de sol intercalados com per\u00edodos de nuvens<br \/>\nVaria\u00e7\u00e3o de temperatura: 20\u00baC a 30\u00baC<\/p>\n<p>Zona da Mata<\/p>\n<p>Clima: nebulosidade vari\u00e1vel com possibilidade de chuva r\u00e1pida no decorrer do per\u00edodo<br \/>\nVaria\u00e7\u00e3o de temperatura: 22\u00baC a 28\u00baC<\/p>\n<p>&nbsp;<\/p>\n<p><strong>Fonte: G1\/AL<\/strong><\/p>\n<p>&nbsp;<\/p>\n","protected":false},"excerpt":{"rendered":"<p>O fim de semana vai ser de tempo inst\u00e1vel em Alagoas, com possibilidade de chuva r\u00e1pida no s\u00e1bado e dia ensolarado no domingo. Em Macei\u00f3, a previs\u00e3o para esta sexta-feira (4) \u00e9 de chuva r\u00e1pida \u00e0 noite, e a temperatura m\u00e1xima pode chegar a 29\u00b0C na capital. O tempo pode esfriar no Sert\u00e3o no s\u00e1bado &hellip;<\/p>\n","protected":false},"author":1,"featured_media":9176,"comment_status":"open","ping_status":"open","sticky":false,"template":"","format":"standard","meta":{"_jetpack_newsletter_access":"","_jetpack_dont_email_post_to_subs":false,"_jetpack_newsletter_tier_id":0,"_jetpack_memberships_contains_paywalled_content":false,"_jetpack_memberships_contains_paid_content":false,"footnotes":""},"categories":[1],"tags":[],"class_list":["post-9175","post","type-post","status-publish","format-standard","has-post-thumbnail","hentry","category-destaque"],"jetpack_sharing_enabled":true,"jetpack_featured_media_url":"","_links":{"self":[{"href":"https:\/\/www.oparanews.com.br\/index.php\/wp-json\/wp\/v2\/posts\/9175","targetHints":{"allow":["GET"]}}],"collection":[{"href":"https:\/\/www.oparanews.com.br\/index.php\/wp-json\/wp\/v2\/posts"}],"about":[{"href":"https:\/\/www.oparanews.com.br\/index.php\/wp-json\/wp\/v2\/types\/post"}],"author":[{"embeddable":true,"href":"https:\/\/www.oparanews.com.br\/index.php\/wp-json\/wp\/v2\/users\/1"}],"replies":[{"embeddable":true,"href":"https:\/\/www.oparanews.com.br\/index.php\/wp-json\/wp\/v2\/comments?post=9175"}],"version-history":[{"count":0,"href":"https:\/\/www.oparanews.com.br\/index.php\/wp-json\/wp\/v2\/posts\/9175\/revisions"}],"wp:attachment":[{"href":"https:\/\/www.oparanews.com.br\/index.php\/wp-json\/wp\/v2\/media?parent=9175"}],"wp:term":[{"taxonomy":"category","embeddable":true,"href":"https:\/\/www.oparanews.com.br\/index.php\/wp-json\/wp\/v2\/categories?post=9175"},{"taxonomy":"post_tag","embeddable":true,"href":"https:\/\/www.oparanews.com.br\/index.php\/wp-json\/wp\/v2\/tags?post=9175"}],"curies":[{"name":"wp","href":"https:\/\/api.w.org\/{rel}","templated":true}]}}