{"id":9193,"date":"2020-09-05T00:23:54","date_gmt":"2020-09-05T00:23:54","guid":{"rendered":"https:\/\/oparanews.com.br\/?p=9193"},"modified":"2020-09-05T00:23:54","modified_gmt":"2020-09-05T00:23:54","slug":"diego-alves-do-flamengo-testa-positivo-para-covid-19","status":"publish","type":"post","link":"https:\/\/www.oparanews.com.br\/index.php\/2020\/09\/05\/diego-alves-do-flamengo-testa-positivo-para-covid-19\/","title":{"rendered":"Diego Alves, do Flamengo, testa positivo para covid-19"},"content":{"rendered":"<p>A situa\u00e7\u00e3o dos goleiros do Flamengo \u00e9 preocupante em rela\u00e7\u00e3o aos diagn\u00f3sticos de covid-19. Primeiro, o reserva C\u00e9sar apresentou o teste positivo no come\u00e7o desta semana. Nesta sexta-feira, o clube carioca anunciou que Diego Alves tamb\u00e9m est\u00e1 com o coronav\u00edrus.<\/p>\n<p>&#8220;Em teste realizado pelo clube, na quinta-feira (03.09), o atleta Diego Alves testou positivo para covid-19, foi afastado e colocado em quarentena&#8221;, descreveu o comunicado do Flamengo.<\/p>\n<p>Diego Alves j\u00e1 n\u00e3o havia jogado diante do Bahia em fun\u00e7\u00e3o de uma les\u00e3o parcial no tend\u00e3o do ombro esquerdo. Como C\u00e9sar tamb\u00e9m estava vetado, o jovem Gabriel Batista foi escalado na vit\u00f3ria por 5 a 3 e deve seguir na equipe para o compromisso deste s\u00e1bado contra o Fortaleza, no Maracan\u00e3, pelo Brasileir\u00e3o.<\/p>\n<p>O Flamengo est\u00e1 em ascens\u00e3o na competi\u00e7\u00e3o nacional. Depois das vit\u00f3rias contra Santos e Bahia fora de casa, o atual campe\u00e3o subiu para o sexto lugar da classifica\u00e7\u00e3o do Campeonato Brasileiro, com 11 pontos. O l\u00edder \u00e9 o Internacional, com 16.<\/p>\n<p>&nbsp;<\/p>\n<p><strong>Fonte: Terra<\/strong><\/p>\n<p>&nbsp;<\/p>\n","protected":false},"excerpt":{"rendered":"<p>A situa\u00e7\u00e3o dos goleiros do Flamengo \u00e9 preocupante em rela\u00e7\u00e3o aos diagn\u00f3sticos de covid-19. Primeiro, o reserva C\u00e9sar apresentou o teste positivo no come\u00e7o desta semana. Nesta sexta-feira, o clube carioca anunciou que Diego Alves tamb\u00e9m est\u00e1 com o coronav\u00edrus. &#8220;Em teste realizado pelo clube, na quinta-feira (03.09), o atleta Diego Alves testou positivo para &hellip;<\/p>\n","protected":false},"author":1,"featured_media":9194,"comment_status":"open","ping_status":"open","sticky":false,"template":"","format":"standard","meta":{"_jetpack_newsletter_access":"","_jetpack_dont_email_post_to_subs":false,"_jetpack_newsletter_tier_id":0,"_jetpack_memberships_contains_paywalled_content":false,"_jetpack_memberships_contains_paid_content":false,"footnotes":""},"categories":[1],"tags":[],"class_list":["post-9193","post","type-post","status-publish","format-standard","has-post-thumbnail","hentry","category-destaque"],"jetpack_sharing_enabled":true,"jetpack_featured_media_url":"","_links":{"self":[{"href":"https:\/\/www.oparanews.com.br\/index.php\/wp-json\/wp\/v2\/posts\/9193","targetHints":{"allow":["GET"]}}],"collection":[{"href":"https:\/\/www.oparanews.com.br\/index.php\/wp-json\/wp\/v2\/posts"}],"about":[{"href":"https:\/\/www.oparanews.com.br\/index.php\/wp-json\/wp\/v2\/types\/post"}],"author":[{"embeddable":true,"href":"https:\/\/www.oparanews.com.br\/index.php\/wp-json\/wp\/v2\/users\/1"}],"replies":[{"embeddable":true,"href":"https:\/\/www.oparanews.com.br\/index.php\/wp-json\/wp\/v2\/comments?post=9193"}],"version-history":[{"count":0,"href":"https:\/\/www.oparanews.com.br\/index.php\/wp-json\/wp\/v2\/posts\/9193\/revisions"}],"wp:attachment":[{"href":"https:\/\/www.oparanews.com.br\/index.php\/wp-json\/wp\/v2\/media?parent=9193"}],"wp:term":[{"taxonomy":"category","embeddable":true,"href":"https:\/\/www.oparanews.com.br\/index.php\/wp-json\/wp\/v2\/categories?post=9193"},{"taxonomy":"post_tag","embeddable":true,"href":"https:\/\/www.oparanews.com.br\/index.php\/wp-json\/wp\/v2\/tags?post=9193"}],"curies":[{"name":"wp","href":"https:\/\/api.w.org\/{rel}","templated":true}]}}