{"id":9203,"date":"2020-09-05T19:56:33","date_gmt":"2020-09-05T19:56:33","guid":{"rendered":"https:\/\/oparanews.com.br\/?p=9203"},"modified":"2020-09-05T19:56:33","modified_gmt":"2020-09-05T19:56:33","slug":"lessa-desiste-de-disputar-a-prefeitura-de-maceio-nessas-eleicoes","status":"publish","type":"post","link":"https:\/\/www.oparanews.com.br\/index.php\/2020\/09\/05\/lessa-desiste-de-disputar-a-prefeitura-de-maceio-nessas-eleicoes\/","title":{"rendered":"Lessa desiste de disputar a Prefeitura de Macei\u00f3 nessas elei\u00e7\u00f5es"},"content":{"rendered":"<p>Ronaldo Lessa tirou o time de campo, antes mesmo da disputa come\u00e7ar. Com dificuldades para garantir estrutura para sua campanha e sofrendo press\u00e3o do PDT nacional, o ex-governador, mesmo bem situado nas pesquisas \u2013 e com chances de chegar ao segundo turno \u2013 desistiu de sua pr\u00e9-candidatura faltando uma semana para a conven\u00e7\u00e3o do seu partido.<\/p>\n<p>Lessa seguiu orienta\u00e7\u00e3o nacional e o PDT vai se coligar em Macei\u00f3 com o PSB, mesma alian\u00e7a que tem sido constru\u00edda em outras capitais. As duas legendas trabalham para se fortalecer em 2020 de olho na candidatura de Ciro Gomes \u00e0 presid\u00eancia em 2022.<\/p>\n<p>Com Lessa fora, a disputa em Macei\u00f3 deve ficar, pelo menos num primeiro momento, entre os tr\u00eas candidatos mais bem situados nas pesquisas e com palanques mais estruturados: Alfredo Gaspar de Mendon\u00e7a (MDB), Davi Filho (PP) e JHC (PSB).<\/p>\n<p>Na reta final das conven\u00e7\u00f5es \u2013 que podem ser realizadas at\u00e9 o pr\u00f3ximo dia 16 \u2013 ainda teremos outras surpresas.<\/p>\n<p>JHC ganha o PDT, refor\u00e7ando seu palanque que tem al\u00e9m do PSB, o PSDB.<\/p>\n<p>Gaspar conseguiu manter o PSD em seu grupo, que tem v\u00e1rias legendas, a exemplo de MDB, PL, PV e PSC.<\/p>\n<p>Davi Filho que j\u00e1 tinha PP, PSL, Republicanos e Solidariedade, agregou no seu grupo DEM e Cidadania.<\/p>\n<p>Estes tr\u00eas candidatos continuam trabalhando para se fortalecer. E devem conseguir refor\u00e7os nos pr\u00f3ximos dias. Pode anotar. Teremos uma disputa de tr\u00eas fortes candidatos na largada. Chegar com for\u00e7a at\u00e9 a reta final \u00e9 outra hist\u00f3ria.<\/p>\n<p>&nbsp;<\/p>\n<p><strong>por Edivaldo J\u00fanior\/Gazetaweb<\/strong><\/p>\n<p>&nbsp;<\/p>\n","protected":false},"excerpt":{"rendered":"<p>Ronaldo Lessa tirou o time de campo, antes mesmo da disputa come\u00e7ar. Com dificuldades para garantir estrutura para sua campanha e sofrendo press\u00e3o do PDT nacional, o ex-governador, mesmo bem situado nas pesquisas \u2013 e com chances de chegar ao segundo turno \u2013 desistiu de sua pr\u00e9-candidatura faltando uma semana para a conven\u00e7\u00e3o do seu &hellip;<\/p>\n","protected":false},"author":1,"featured_media":9204,"comment_status":"open","ping_status":"open","sticky":false,"template":"","format":"standard","meta":{"_jetpack_newsletter_access":"","_jetpack_dont_email_post_to_subs":false,"_jetpack_newsletter_tier_id":0,"_jetpack_memberships_contains_paywalled_content":false,"_jetpack_memberships_contains_paid_content":false,"footnotes":""},"categories":[1],"tags":[],"class_list":["post-9203","post","type-post","status-publish","format-standard","has-post-thumbnail","hentry","category-destaque"],"jetpack_sharing_enabled":true,"jetpack_featured_media_url":"","_links":{"self":[{"href":"https:\/\/www.oparanews.com.br\/index.php\/wp-json\/wp\/v2\/posts\/9203","targetHints":{"allow":["GET"]}}],"collection":[{"href":"https:\/\/www.oparanews.com.br\/index.php\/wp-json\/wp\/v2\/posts"}],"about":[{"href":"https:\/\/www.oparanews.com.br\/index.php\/wp-json\/wp\/v2\/types\/post"}],"author":[{"embeddable":true,"href":"https:\/\/www.oparanews.com.br\/index.php\/wp-json\/wp\/v2\/users\/1"}],"replies":[{"embeddable":true,"href":"https:\/\/www.oparanews.com.br\/index.php\/wp-json\/wp\/v2\/comments?post=9203"}],"version-history":[{"count":0,"href":"https:\/\/www.oparanews.com.br\/index.php\/wp-json\/wp\/v2\/posts\/9203\/revisions"}],"wp:attachment":[{"href":"https:\/\/www.oparanews.com.br\/index.php\/wp-json\/wp\/v2\/media?parent=9203"}],"wp:term":[{"taxonomy":"category","embeddable":true,"href":"https:\/\/www.oparanews.com.br\/index.php\/wp-json\/wp\/v2\/categories?post=9203"},{"taxonomy":"post_tag","embeddable":true,"href":"https:\/\/www.oparanews.com.br\/index.php\/wp-json\/wp\/v2\/tags?post=9203"}],"curies":[{"name":"wp","href":"https:\/\/api.w.org\/{rel}","templated":true}]}}