{"id":9206,"date":"2020-09-06T20:30:13","date_gmt":"2020-09-06T20:30:13","guid":{"rendered":"https:\/\/oparanews.com.br\/?p=9206"},"modified":"2020-09-06T20:30:13","modified_gmt":"2020-09-06T20:30:13","slug":"presidente-do-csa-afirma-que-clube-dispensara-seis-jogadores","status":"publish","type":"post","link":"https:\/\/www.oparanews.com.br\/index.php\/2020\/09\/06\/presidente-do-csa-afirma-que-clube-dispensara-seis-jogadores\/","title":{"rendered":"Presidente do CSA afirma que clube dispensar\u00e1 seis jogadores"},"content":{"rendered":"<p>O presidente do CSA, Rafael Ten\u00f3rio afirmou, no fim da manh\u00e3 deste domingo (6), por meio das redes sociais, que o clube, que ocupa a 18\u00b0 do campeonato, com 4 pontos, vai dispensar seis jogadores do atual elenco. Al\u00e9m disso, Ten\u00f3rio disse que o Azul\u00e3o contratar\u00e1 cinco pe\u00e7as para compor o plantel azulino, que j\u00e1 tem previs\u00e3o para chegadas em Macei\u00f3 nesta semana.<\/p>\n<p>De acordo com o mandat\u00e1rio, a decis\u00e3o foi tomada em consenso com o executivo de futebol Marcelo Barbarotti e a comiss\u00e3o t\u00e9cnica liderada por Argel Fuchs, em reuni\u00e3o.<\/p>\n<p>&#8220;Acabamos de ter uma reuni\u00e3o com o departamento de futebol e a comiss\u00e3o t\u00e9cnica , onde decidimos disponibilizar seis atletas do nosso elenco e vamos fazer cinco contrata\u00e7\u00f5es das quais come\u00e7ar\u00e3o a chegar durante esta semana, para que no pr\u00f3ximo jogo contra a equipe do Oeste, em S\u00e3o Paulo, j\u00e1 possamos contar com esses refor\u00e7os. Durante a semana iremos divulgando os nomes destes profissionais. Ent\u00e3o, as medidas est\u00e3o sendo tomadas para que, assim, a gente possa fortalecer o grupo e sair dessa situa\u00e7\u00e3o que o Azul\u00e3o se encontra&#8221;, finalizou o dirigente marujo.<\/p>\n<p>O CSA empatou por 1 a 1 com o Confian\u00e7a, nesse s\u00e1bado (5), no Est\u00e1dio Rei Pel\u00e9, em partida v\u00e1lida pela oitava rodada do Campeonato Brasileiro da S\u00e9rie B.<\/p>\n<p>&nbsp;<\/p>\n<p><strong>Fonte: Gazetaweb<\/strong><\/p>\n<p>&nbsp;<\/p>\n","protected":false},"excerpt":{"rendered":"<p>O presidente do CSA, Rafael Ten\u00f3rio afirmou, no fim da manh\u00e3 deste domingo (6), por meio das redes sociais, que o clube, que ocupa a 18\u00b0 do campeonato, com 4 pontos, vai dispensar seis jogadores do atual elenco. Al\u00e9m disso, Ten\u00f3rio disse que o Azul\u00e3o contratar\u00e1 cinco pe\u00e7as para compor o plantel azulino, que j\u00e1 &hellip;<\/p>\n","protected":false},"author":1,"featured_media":9207,"comment_status":"open","ping_status":"open","sticky":false,"template":"","format":"standard","meta":{"_jetpack_newsletter_access":"","_jetpack_dont_email_post_to_subs":false,"_jetpack_newsletter_tier_id":0,"_jetpack_memberships_contains_paywalled_content":false,"_jetpack_memberships_contains_paid_content":false,"footnotes":""},"categories":[1],"tags":[],"class_list":["post-9206","post","type-post","status-publish","format-standard","has-post-thumbnail","hentry","category-destaque"],"jetpack_sharing_enabled":true,"jetpack_featured_media_url":"","_links":{"self":[{"href":"https:\/\/www.oparanews.com.br\/index.php\/wp-json\/wp\/v2\/posts\/9206","targetHints":{"allow":["GET"]}}],"collection":[{"href":"https:\/\/www.oparanews.com.br\/index.php\/wp-json\/wp\/v2\/posts"}],"about":[{"href":"https:\/\/www.oparanews.com.br\/index.php\/wp-json\/wp\/v2\/types\/post"}],"author":[{"embeddable":true,"href":"https:\/\/www.oparanews.com.br\/index.php\/wp-json\/wp\/v2\/users\/1"}],"replies":[{"embeddable":true,"href":"https:\/\/www.oparanews.com.br\/index.php\/wp-json\/wp\/v2\/comments?post=9206"}],"version-history":[{"count":0,"href":"https:\/\/www.oparanews.com.br\/index.php\/wp-json\/wp\/v2\/posts\/9206\/revisions"}],"wp:attachment":[{"href":"https:\/\/www.oparanews.com.br\/index.php\/wp-json\/wp\/v2\/media?parent=9206"}],"wp:term":[{"taxonomy":"category","embeddable":true,"href":"https:\/\/www.oparanews.com.br\/index.php\/wp-json\/wp\/v2\/categories?post=9206"},{"taxonomy":"post_tag","embeddable":true,"href":"https:\/\/www.oparanews.com.br\/index.php\/wp-json\/wp\/v2\/tags?post=9206"}],"curies":[{"name":"wp","href":"https:\/\/api.w.org\/{rel}","templated":true}]}}