{"id":9209,"date":"2020-09-06T20:31:56","date_gmt":"2020-09-06T20:31:56","guid":{"rendered":"https:\/\/oparanews.com.br\/?p=9209"},"modified":"2020-09-06T20:31:56","modified_gmt":"2020-09-06T20:31:56","slug":"homem-e-encontrado-morto-dentro-de-plantacao-de-fumo","status":"publish","type":"post","link":"https:\/\/www.oparanews.com.br\/index.php\/2020\/09\/06\/homem-e-encontrado-morto-dentro-de-plantacao-de-fumo\/","title":{"rendered":"Homem \u00e9 encontrado morto dentro de planta\u00e7\u00e3o de fumo"},"content":{"rendered":"<p>Um homem foi encontrado morto, por populares, dentro de uma planta\u00e7\u00e3o de fumo, na entrada do S\u00edtio Flexeiras, \u00e0s margens da AL-110, nas Batingas, em Arapiraca, Agreste de Alagoas. O fato aconteceu na manh\u00e3 deste domingo (6).<\/p>\n<p>De acordo com informa\u00e7\u00f5es colhidas no local pelo portal J\u00e1 \u00c9 Not\u00edcia, moradores estavam passando pela regi\u00e3o, quando, posteriormente, avistaram uma pessoa no meio da planta\u00e7\u00e3o.<\/p>\n<p>O Servi\u00e7o de Atendimento M\u00f3vel de Urg\u00eancia (SAMU) e a Pol\u00edcia Militar (PM) foram acionados ao local, onde constaram que o homem estava morto, atingido por um disparo de arma de fogo na regi\u00e3o da testa.<\/p>\n<p>Apesar do fato, n\u00e3o h\u00e1, no entanto, informa\u00e7\u00f5es do que teria motivado o crime. Os suspeitos fugiram tomando destino ignorado.<\/p>\n<p>Peritos do Instituto de Criminal\u00edstica (IC) e funcion\u00e1rios do Instituto M\u00e9dico Legal (IML) tamb\u00e9m foram acionados ao local, para a per\u00edcia do corpo e o seu recolhimento, respectivamente.<\/p>\n<p>A identidade da v\u00edtima n\u00e3o foi divulgada.<\/p>\n<p>&nbsp;<\/p>\n<p><strong>Fonte: Gazetaweb<\/strong><\/p>\n<p>&nbsp;<\/p>\n","protected":false},"excerpt":{"rendered":"<p>Um homem foi encontrado morto, por populares, dentro de uma planta\u00e7\u00e3o de fumo, na entrada do S\u00edtio Flexeiras, \u00e0s margens da AL-110, nas Batingas, em Arapiraca, Agreste de Alagoas. O fato aconteceu na manh\u00e3 deste domingo (6). De acordo com informa\u00e7\u00f5es colhidas no local pelo portal J\u00e1 \u00c9 Not\u00edcia, moradores estavam passando pela regi\u00e3o, quando, &hellip;<\/p>\n","protected":false},"author":1,"featured_media":9210,"comment_status":"open","ping_status":"open","sticky":false,"template":"","format":"standard","meta":{"_jetpack_newsletter_access":"","_jetpack_dont_email_post_to_subs":false,"_jetpack_newsletter_tier_id":0,"_jetpack_memberships_contains_paywalled_content":false,"_jetpack_memberships_contains_paid_content":false,"footnotes":""},"categories":[1],"tags":[],"class_list":["post-9209","post","type-post","status-publish","format-standard","has-post-thumbnail","hentry","category-destaque"],"jetpack_sharing_enabled":true,"jetpack_featured_media_url":"","_links":{"self":[{"href":"https:\/\/www.oparanews.com.br\/index.php\/wp-json\/wp\/v2\/posts\/9209","targetHints":{"allow":["GET"]}}],"collection":[{"href":"https:\/\/www.oparanews.com.br\/index.php\/wp-json\/wp\/v2\/posts"}],"about":[{"href":"https:\/\/www.oparanews.com.br\/index.php\/wp-json\/wp\/v2\/types\/post"}],"author":[{"embeddable":true,"href":"https:\/\/www.oparanews.com.br\/index.php\/wp-json\/wp\/v2\/users\/1"}],"replies":[{"embeddable":true,"href":"https:\/\/www.oparanews.com.br\/index.php\/wp-json\/wp\/v2\/comments?post=9209"}],"version-history":[{"count":0,"href":"https:\/\/www.oparanews.com.br\/index.php\/wp-json\/wp\/v2\/posts\/9209\/revisions"}],"wp:attachment":[{"href":"https:\/\/www.oparanews.com.br\/index.php\/wp-json\/wp\/v2\/media?parent=9209"}],"wp:term":[{"taxonomy":"category","embeddable":true,"href":"https:\/\/www.oparanews.com.br\/index.php\/wp-json\/wp\/v2\/categories?post=9209"},{"taxonomy":"post_tag","embeddable":true,"href":"https:\/\/www.oparanews.com.br\/index.php\/wp-json\/wp\/v2\/tags?post=9209"}],"curies":[{"name":"wp","href":"https:\/\/api.w.org\/{rel}","templated":true}]}}