{"id":9212,"date":"2020-09-06T20:33:46","date_gmt":"2020-09-06T20:33:46","guid":{"rendered":"https:\/\/oparanews.com.br\/?p=9212"},"modified":"2020-09-06T20:33:46","modified_gmt":"2020-09-06T20:33:46","slug":"gabriel-veron-sai-do-banco-e-comanda-virada-do-palmeiras","status":"publish","type":"post","link":"https:\/\/www.oparanews.com.br\/index.php\/2020\/09\/06\/gabriel-veron-sai-do-banco-e-comanda-virada-do-palmeiras\/","title":{"rendered":"Gabriel Veron sai do banco e comanda virada do Palmeiras"},"content":{"rendered":"<p>Gabriel Veron saiu do banco de reservas e garantiu a vit\u00f3ria do Palmeiras por 2 a 1 sobre o Red Bull Bragantino, no Nabi Abi Chedid. O garoto n\u00e3o jogava desde mar\u00e7o, entrou no segundo tempo quando o Aliverde perdia e comandou a virada ao marcar um gol e dar assist\u00eancia para Willian.<\/p>\n<p>Vanderlei Luxemburgo fez mudan\u00e7as no time titular. O Palmeiras entrou com Wesley na vaga de Bruno Henrique e Z\u00e9 Rafael foi mantido no meio. Na tentativa de dar velocidade, o time voltou a apresentar as mesmas dificuldades na cria\u00e7\u00e3o.<\/p>\n<p>No Red Bull, o t\u00e9cnico Mauricio Barbieri fez a estreia e, com uma marca\u00e7\u00e3o forte, apertou a sa\u00edda de bola do rival, apesar do calor em Bragan\u00e7a Paulista. Claudinho e Artur, com velocidade, levavam perigo.<\/p>\n<p>O placar, por\u00e9m, s\u00f3 foi aberto no segundo tempo. Em contra-ataque, Claudinho finalizou, a bola desviou em Gustavo G\u00f3mez e n\u00e3o deu chances para o Weverton, logo aos dez minutos.<\/p>\n<p>Em desvantagem, Luxemburgo rodou a equipe e Gabriel Veron ganhou oportunidade. Ele n\u00e3o atuava desde mar\u00e7o. Na volta aos treinos ap\u00f3s a pandemia ele sofreu uma les\u00e3o muscular e s\u00f3 retornou neste domingo (6), sendo fundamental para o triunfo palmeirense.<\/p>\n<p>Primeiro, ele recebeu cruzamento de Gabriel Menino e, de cabe\u00e7a, deixou tudo igual. Nos acr\u00e9scimos, Veron invadiu a \u00e1rea e tocou para Willian fazer o nono gol dele na temporada.<\/p>\n<p>No jogo 400 de Vanderlei Luxemburgo \u00e0 frente do Palmeiras, o garoto de 18 anos aliviou a press\u00e3o sobre o treinador e mostrou que, recuperado, \u00e9 um dos titulares.<\/p>\n<p>&nbsp;<\/p>\n<p><strong>Fonte: LANCE<\/strong><\/p>\n<p>&nbsp;<\/p>\n","protected":false},"excerpt":{"rendered":"<p>Gabriel Veron saiu do banco de reservas e garantiu a vit\u00f3ria do Palmeiras por 2 a 1 sobre o Red Bull Bragantino, no Nabi Abi Chedid. O garoto n\u00e3o jogava desde mar\u00e7o, entrou no segundo tempo quando o Aliverde perdia e comandou a virada ao marcar um gol e dar assist\u00eancia para Willian. Vanderlei Luxemburgo &hellip;<\/p>\n","protected":false},"author":1,"featured_media":9213,"comment_status":"open","ping_status":"open","sticky":false,"template":"","format":"standard","meta":{"_jetpack_newsletter_access":"","_jetpack_dont_email_post_to_subs":false,"_jetpack_newsletter_tier_id":0,"_jetpack_memberships_contains_paywalled_content":false,"_jetpack_memberships_contains_paid_content":false,"footnotes":""},"categories":[1],"tags":[],"class_list":["post-9212","post","type-post","status-publish","format-standard","has-post-thumbnail","hentry","category-destaque"],"jetpack_sharing_enabled":true,"jetpack_featured_media_url":"","_links":{"self":[{"href":"https:\/\/www.oparanews.com.br\/index.php\/wp-json\/wp\/v2\/posts\/9212","targetHints":{"allow":["GET"]}}],"collection":[{"href":"https:\/\/www.oparanews.com.br\/index.php\/wp-json\/wp\/v2\/posts"}],"about":[{"href":"https:\/\/www.oparanews.com.br\/index.php\/wp-json\/wp\/v2\/types\/post"}],"author":[{"embeddable":true,"href":"https:\/\/www.oparanews.com.br\/index.php\/wp-json\/wp\/v2\/users\/1"}],"replies":[{"embeddable":true,"href":"https:\/\/www.oparanews.com.br\/index.php\/wp-json\/wp\/v2\/comments?post=9212"}],"version-history":[{"count":0,"href":"https:\/\/www.oparanews.com.br\/index.php\/wp-json\/wp\/v2\/posts\/9212\/revisions"}],"wp:attachment":[{"href":"https:\/\/www.oparanews.com.br\/index.php\/wp-json\/wp\/v2\/media?parent=9212"}],"wp:term":[{"taxonomy":"category","embeddable":true,"href":"https:\/\/www.oparanews.com.br\/index.php\/wp-json\/wp\/v2\/categories?post=9212"},{"taxonomy":"post_tag","embeddable":true,"href":"https:\/\/www.oparanews.com.br\/index.php\/wp-json\/wp\/v2\/tags?post=9212"}],"curies":[{"name":"wp","href":"https:\/\/api.w.org\/{rel}","templated":true}]}}