{"id":9218,"date":"2020-09-06T20:45:21","date_gmt":"2020-09-06T20:45:21","guid":{"rendered":"https:\/\/oparanews.com.br\/?p=9218"},"modified":"2020-09-06T20:45:21","modified_gmt":"2020-09-06T20:45:21","slug":"alagoas-tem-80-717-casos-da-covid-19-e-1-930-obitos","status":"publish","type":"post","link":"https:\/\/www.oparanews.com.br\/index.php\/2020\/09\/06\/alagoas-tem-80-717-casos-da-covid-19-e-1-930-obitos\/","title":{"rendered":"Alagoas tem 80.717 casos da Covid-19 e 1.930 \u00f3bitos"},"content":{"rendered":"<p>O Boletim Epidemiol\u00f3gico da Secretaria de Estado da Sa\u00fade (Sesau), deste domingo (06\/09), confirma mais 255 casos de Covid-19 em Alagoas. Dessa forma, o estado tem um total de 80.717 casos confirmados do novo coronav\u00edrus at\u00e9 o momento, dos quais 2.733 est\u00e3o em isolamento domiciliar e 107 internados em leitos p\u00fablicos e privados. Outros 75.945 pacientes j\u00e1 finalizaram o per\u00edodo de isolamento, n\u00e3o apresentam mais sintomas e, portanto, est\u00e3o recuperados da doen\u00e7a. H\u00e1 3.750 casos em investiga\u00e7\u00e3o laboratorial. Foram registradas mais seis mortes em territ\u00f3rio alagoano. Com isso, Alagoas tem 1.930 \u00f3bitos por Covid-19.<\/p>\n<p>\u00d3bitos \u2013 No boletim deste domingo (06\/09), mais seis mortes foram confirmadas, laboratorialmente, por causa do novo coronav\u00edrus. Tr\u00eas v\u00edtimas eram residentes em Macei\u00f3, sendo duas mulheres e um homen. A mulher de 60 anos n\u00e3o tinha registro de comorbidades e faleceu no Hospital da Mulher; e a v\u00edtima de 53 anos n\u00e3o tinha registro de comorbidades e faleceu no Hospital da Mulher; e o homem de 81 anos tinha doen\u00e7a card\u00edaca cr\u00f4nica e faleceu no Hospital Vida.<\/p>\n<p>A Covid-19 vitimou mais tr\u00eas pessoas que moravam no interior do Estado, e todas as v\u00edtimas eram do sexo masculino. O homem de 84 anos, de Delmiro Gouveia, n\u00e3o tinha registro de comorbidades e faleceu em sua resid\u00eancia; o homem de 68 anos, de Santana do Ipanema, n\u00e3o tinha registro de comorbidades e faleceu no Hospital Regional do Munic\u00edpio; e o homem de 52 anos, de Olho d\u00b4\u00c1gua das Flores, n\u00e3o tinha registro de comorbidades e faleceu no Hospital Regional de Santana do Ipanema.<\/p>\n<p>Leitos de Covid-19 do Estado \u2013 Dos 1.326 leitos criados pela Secretaria de Estado da Sa\u00fade (Sesau) para atender, exclusivamente, pacientes com suspeita e confirma\u00e7\u00e3o de infec\u00e7\u00e3o pelo novo coronav\u00edrus, 258 estavam ocupados at\u00e9 17h de s\u00e1bado (05\/09), o que corresponde a 19% do total. Atualmente, 108 pacientes est\u00e3o em leitos de UTI, 02 em leitos intermedi\u00e1rios e 148 em enfermaria. Para acompanhar a evolu\u00e7\u00e3o da ocupa\u00e7\u00e3o dos leitos exclusivos para Covid-19, acesse <a href=\"http:\/\/www.alagoascontraocoronavirus.com.br\/\"><strong>http:\/\/www.alagoascontraocoronavirus.com.br\/<\/strong><\/a><\/p>\n<p>&nbsp;<\/p>\n<p><strong>Fonte: Sesau<\/strong><\/p>\n<p>&nbsp;<\/p>\n","protected":false},"excerpt":{"rendered":"<p>O Boletim Epidemiol\u00f3gico da Secretaria de Estado da Sa\u00fade (Sesau), deste domingo (06\/09), confirma mais 255 casos de Covid-19 em Alagoas. Dessa forma, o estado tem um total de 80.717 casos confirmados do novo coronav\u00edrus at\u00e9 o momento, dos quais 2.733 est\u00e3o em isolamento domiciliar e 107 internados em leitos p\u00fablicos e privados. Outros 75.945 &hellip;<\/p>\n","protected":false},"author":1,"featured_media":4593,"comment_status":"open","ping_status":"open","sticky":false,"template":"","format":"standard","meta":{"_jetpack_newsletter_access":"","_jetpack_dont_email_post_to_subs":false,"_jetpack_newsletter_tier_id":0,"_jetpack_memberships_contains_paywalled_content":false,"_jetpack_memberships_contains_paid_content":false,"footnotes":""},"categories":[1],"tags":[],"class_list":["post-9218","post","type-post","status-publish","format-standard","has-post-thumbnail","hentry","category-destaque"],"jetpack_sharing_enabled":true,"jetpack_featured_media_url":"","_links":{"self":[{"href":"https:\/\/www.oparanews.com.br\/index.php\/wp-json\/wp\/v2\/posts\/9218","targetHints":{"allow":["GET"]}}],"collection":[{"href":"https:\/\/www.oparanews.com.br\/index.php\/wp-json\/wp\/v2\/posts"}],"about":[{"href":"https:\/\/www.oparanews.com.br\/index.php\/wp-json\/wp\/v2\/types\/post"}],"author":[{"embeddable":true,"href":"https:\/\/www.oparanews.com.br\/index.php\/wp-json\/wp\/v2\/users\/1"}],"replies":[{"embeddable":true,"href":"https:\/\/www.oparanews.com.br\/index.php\/wp-json\/wp\/v2\/comments?post=9218"}],"version-history":[{"count":0,"href":"https:\/\/www.oparanews.com.br\/index.php\/wp-json\/wp\/v2\/posts\/9218\/revisions"}],"wp:attachment":[{"href":"https:\/\/www.oparanews.com.br\/index.php\/wp-json\/wp\/v2\/media?parent=9218"}],"wp:term":[{"taxonomy":"category","embeddable":true,"href":"https:\/\/www.oparanews.com.br\/index.php\/wp-json\/wp\/v2\/categories?post=9218"},{"taxonomy":"post_tag","embeddable":true,"href":"https:\/\/www.oparanews.com.br\/index.php\/wp-json\/wp\/v2\/tags?post=9218"}],"curies":[{"name":"wp","href":"https:\/\/api.w.org\/{rel}","templated":true}]}}