{"id":9223,"date":"2020-09-06T20:52:50","date_gmt":"2020-09-06T20:52:50","guid":{"rendered":"https:\/\/oparanews.com.br\/?p=9223"},"modified":"2020-09-06T20:52:50","modified_gmt":"2020-09-06T20:52:50","slug":"bolsonaro-pode-atacar-ongs-ou-falar-da-amazonia-na-onu","status":"publish","type":"post","link":"https:\/\/www.oparanews.com.br\/index.php\/2020\/09\/06\/bolsonaro-pode-atacar-ongs-ou-falar-da-amazonia-na-onu\/","title":{"rendered":"Bolsonaro pode atacar ONGs ou falar da Amaz\u00f4nia na ONU"},"content":{"rendered":"<p>Jair Bolsonaro j\u00e1 recebeu do Itamaraty sugest\u00f5es de temas para o discurso de abertura da 75\u00aa Assembleia Geral da Onu no pr\u00f3ximo dia 15. A informa\u00e7\u00e3o \u00e9 do colunista Lauro Jardim, do jornal O Globo.<\/p>\n<p>De acordo com o jornalista, o presidente pode fazer um ataque \u00e0s ONGs ou falar sobre a reforma do Conselho de Seguran\u00e7a, al\u00e9m da possibilidade de falar sobre a Amaz\u00f4nia.<\/p>\n<p>A possibilidade de falar sobre a Amaz\u00f4nia acontece ap\u00f3s as recentes cr\u00edticas sobre o comportamento do governo em temas ambientais. A ideia \u00e9 que Bolsonaro falou que o Brasil est\u00e1 comprometido com a sustentatibilidade &#8220;nas dimens\u00f5es econ\u00f4micas, sociais e ambientais&#8221;.<\/p>\n<p>O presidente ainda n\u00e3o revelou se vai viajar para Nova York para participar presencialmente da cerim\u00f4nia. No entanto, o prov\u00e1vel \u00e9 que ele participe virtualmente da confer\u00eancia.<\/p>\n<p>&nbsp;<\/p>\n<p><strong>Fonte: Terra<\/strong><\/p>\n<p>&nbsp;<\/p>\n","protected":false},"excerpt":{"rendered":"<p>Jair Bolsonaro j\u00e1 recebeu do Itamaraty sugest\u00f5es de temas para o discurso de abertura da 75\u00aa Assembleia Geral da Onu no pr\u00f3ximo dia 15. A informa\u00e7\u00e3o \u00e9 do colunista Lauro Jardim, do jornal O Globo. De acordo com o jornalista, o presidente pode fazer um ataque \u00e0s ONGs ou falar sobre a reforma do Conselho &hellip;<\/p>\n","protected":false},"author":1,"featured_media":9224,"comment_status":"open","ping_status":"open","sticky":false,"template":"","format":"standard","meta":{"_jetpack_newsletter_access":"","_jetpack_dont_email_post_to_subs":false,"_jetpack_newsletter_tier_id":0,"_jetpack_memberships_contains_paywalled_content":false,"_jetpack_memberships_contains_paid_content":false,"footnotes":""},"categories":[1],"tags":[],"class_list":["post-9223","post","type-post","status-publish","format-standard","has-post-thumbnail","hentry","category-destaque"],"jetpack_sharing_enabled":true,"jetpack_featured_media_url":"","_links":{"self":[{"href":"https:\/\/www.oparanews.com.br\/index.php\/wp-json\/wp\/v2\/posts\/9223","targetHints":{"allow":["GET"]}}],"collection":[{"href":"https:\/\/www.oparanews.com.br\/index.php\/wp-json\/wp\/v2\/posts"}],"about":[{"href":"https:\/\/www.oparanews.com.br\/index.php\/wp-json\/wp\/v2\/types\/post"}],"author":[{"embeddable":true,"href":"https:\/\/www.oparanews.com.br\/index.php\/wp-json\/wp\/v2\/users\/1"}],"replies":[{"embeddable":true,"href":"https:\/\/www.oparanews.com.br\/index.php\/wp-json\/wp\/v2\/comments?post=9223"}],"version-history":[{"count":0,"href":"https:\/\/www.oparanews.com.br\/index.php\/wp-json\/wp\/v2\/posts\/9223\/revisions"}],"wp:attachment":[{"href":"https:\/\/www.oparanews.com.br\/index.php\/wp-json\/wp\/v2\/media?parent=9223"}],"wp:term":[{"taxonomy":"category","embeddable":true,"href":"https:\/\/www.oparanews.com.br\/index.php\/wp-json\/wp\/v2\/categories?post=9223"},{"taxonomy":"post_tag","embeddable":true,"href":"https:\/\/www.oparanews.com.br\/index.php\/wp-json\/wp\/v2\/tags?post=9223"}],"curies":[{"name":"wp","href":"https:\/\/api.w.org\/{rel}","templated":true}]}}