{"id":9238,"date":"2020-09-07T19:28:04","date_gmt":"2020-09-07T19:28:04","guid":{"rendered":"https:\/\/oparanews.com.br\/?p=9238"},"modified":"2020-09-07T19:28:04","modified_gmt":"2020-09-07T19:28:04","slug":"alagoas-confirma-mais-seis-mortes-por-covid-19","status":"publish","type":"post","link":"https:\/\/www.oparanews.com.br\/index.php\/2020\/09\/07\/alagoas-confirma-mais-seis-mortes-por-covid-19\/","title":{"rendered":"Alagoas confirma mais seis mortes por Covid-19"},"content":{"rendered":"<p>Alagoas registrou 80.786 casos confirmados e 1.936 mortes por Covid-19 at\u00e9 esta segunda-feira (7), segundo a Secretaria de Estado da Sa\u00fade (Sesau).<\/p>\n<p>Nas \u00faltimas 24 horas, foram confirmados 69 novos casos e seis mortes causadas pela doen\u00e7a.<\/p>\n<p>O n\u00famero de casos suspeitos chegou a 3.707 e de pessoas recuperadas, a 76.382.<\/p>\n<p>&nbsp;<\/p>\n<p><strong>Fonte: G1\/AL<\/strong><\/p>\n<p>&nbsp;<\/p>\n","protected":false},"excerpt":{"rendered":"<p>Alagoas registrou 80.786 casos confirmados e 1.936 mortes por Covid-19 at\u00e9 esta segunda-feira (7), segundo a Secretaria de Estado da Sa\u00fade (Sesau). Nas \u00faltimas 24 horas, foram confirmados 69 novos casos e seis mortes causadas pela doen\u00e7a. O n\u00famero de casos suspeitos chegou a 3.707 e de pessoas recuperadas, a 76.382. &nbsp; Fonte: G1\/AL &nbsp;<\/p>\n","protected":false},"author":1,"featured_media":8190,"comment_status":"open","ping_status":"open","sticky":false,"template":"","format":"standard","meta":{"_jetpack_newsletter_access":"","_jetpack_dont_email_post_to_subs":false,"_jetpack_newsletter_tier_id":0,"_jetpack_memberships_contains_paywalled_content":false,"_jetpack_memberships_contains_paid_content":false,"footnotes":""},"categories":[1],"tags":[],"class_list":["post-9238","post","type-post","status-publish","format-standard","has-post-thumbnail","hentry","category-destaque"],"jetpack_sharing_enabled":true,"jetpack_featured_media_url":"","_links":{"self":[{"href":"https:\/\/www.oparanews.com.br\/index.php\/wp-json\/wp\/v2\/posts\/9238","targetHints":{"allow":["GET"]}}],"collection":[{"href":"https:\/\/www.oparanews.com.br\/index.php\/wp-json\/wp\/v2\/posts"}],"about":[{"href":"https:\/\/www.oparanews.com.br\/index.php\/wp-json\/wp\/v2\/types\/post"}],"author":[{"embeddable":true,"href":"https:\/\/www.oparanews.com.br\/index.php\/wp-json\/wp\/v2\/users\/1"}],"replies":[{"embeddable":true,"href":"https:\/\/www.oparanews.com.br\/index.php\/wp-json\/wp\/v2\/comments?post=9238"}],"version-history":[{"count":0,"href":"https:\/\/www.oparanews.com.br\/index.php\/wp-json\/wp\/v2\/posts\/9238\/revisions"}],"wp:attachment":[{"href":"https:\/\/www.oparanews.com.br\/index.php\/wp-json\/wp\/v2\/media?parent=9238"}],"wp:term":[{"taxonomy":"category","embeddable":true,"href":"https:\/\/www.oparanews.com.br\/index.php\/wp-json\/wp\/v2\/categories?post=9238"},{"taxonomy":"post_tag","embeddable":true,"href":"https:\/\/www.oparanews.com.br\/index.php\/wp-json\/wp\/v2\/tags?post=9238"}],"curies":[{"name":"wp","href":"https:\/\/api.w.org\/{rel}","templated":true}]}}