{"id":9246,"date":"2020-09-08T12:18:02","date_gmt":"2020-09-08T12:18:02","guid":{"rendered":"https:\/\/oparanews.com.br\/?p=9246"},"modified":"2020-09-08T12:18:02","modified_gmt":"2020-09-08T12:18:02","slug":"boletim-registra-1-249-casos-da-covid-19-em-penedo","status":"publish","type":"post","link":"https:\/\/www.oparanews.com.br\/index.php\/2020\/09\/08\/boletim-registra-1-249-casos-da-covid-19-em-penedo\/","title":{"rendered":"Boletim registra 1.249 casos da Covid-19 em Penedo"},"content":{"rendered":"<p>O boletim epidemiol\u00f3gico da pandemia do novo coronav\u00edrus desta segunda-feira, 7 de setembro, informa que h\u00e1 1.249 casos confirmados da doen\u00e7a em Penedo. Deste total, 1.134 j\u00e1 est\u00e3o curadas da doen\u00e7a que causou a perda de 13 vidas no munic\u00edpio.<\/p>\n<p>A Secretaria Municipal de Sa\u00fade (SEMS) informa ainda que h\u00e1 119 pessoas sendo monitoradas, dois casos suspeitos e 1.183 casos descartados.<\/p>\n<p>Em Alagoas, j\u00e1 s\u00e3o 80.786 casos confirmados do novo coronav\u00edrus e 1.936 \u00f3bitos por Covid-19 at\u00e9 hoje, segundo a Secretaria de Estado da Sa\u00fade (Sesau).<\/p>\n<p>Casos confirmados por localidade de Penedo<\/p>\n<p>O bairro Dom Constantino contabiliza 360 pessoas que testaram positivo para Covid-19, o dobro das 180 residentes no Centro da cidade, dados do in\u00edcio da pandemia at\u00e9 este feriado de proclama\u00e7\u00e3o da independ\u00eancia do Brasil.<\/p>\n<p>O segundo bairro com maior taxa de ocorr\u00eancia de Covid-19 em Penedo \u00e9 o Santa Luzia, popular Barro Duro, com 226 registros. O bairro Raimundo Marinho chega a 112 casos confirmados e o Senhor do Bonfim (Oiteiro) a 107.<\/p>\n<p>O primeiro bairro de Penedo, o Barro Vermelho (bairro Santo Ant\u00f4nio) contabiliza 68 casos confirmados de Covid-19. J\u00e1 no Santa Izabel s\u00e3o 49 ocorr\u00eancias, e 14 no Santa Cec\u00edlia.<\/p>\n<p>Na zona rural de Penedo, a maior incid\u00eancia do coronav\u00edrus continua sendo na comunidade remanescente quilombola Tabuleiro dos Negros, com 44 casos confirmados, seguido da soma das ocorr\u00eancias nos dois n\u00facleos da Cooperativa (40).<\/p>\n<p>O quadro de casos confirmados de pessoas infectadas pelo coronav\u00edrus na zona rural de Penedo \u00e9 completado por 24 casos na comunidade Palmeira Alta, 15 no povoado Santa Margarida, oito na comunidade Capela e dois na Ponta Mofina.<\/p>\n<p>&nbsp;<\/p>\n<p><strong>por Fernando Vin\u00edcius \u2013 Decom PMP<\/strong><\/p>\n<p>&nbsp;<\/p>\n","protected":false},"excerpt":{"rendered":"<p>O boletim epidemiol\u00f3gico da pandemia do novo coronav\u00edrus desta segunda-feira, 7 de setembro, informa que h\u00e1 1.249 casos confirmados da doen\u00e7a em Penedo. Deste total, 1.134 j\u00e1 est\u00e3o curadas da doen\u00e7a que causou a perda de 13 vidas no munic\u00edpio. A Secretaria Municipal de Sa\u00fade (SEMS) informa ainda que h\u00e1 119 pessoas sendo monitoradas, dois &hellip;<\/p>\n","protected":false},"author":1,"featured_media":9247,"comment_status":"open","ping_status":"open","sticky":false,"template":"","format":"standard","meta":{"_jetpack_newsletter_access":"","_jetpack_dont_email_post_to_subs":false,"_jetpack_newsletter_tier_id":0,"_jetpack_memberships_contains_paywalled_content":false,"_jetpack_memberships_contains_paid_content":false,"footnotes":""},"categories":[1],"tags":[],"class_list":["post-9246","post","type-post","status-publish","format-standard","has-post-thumbnail","hentry","category-destaque"],"jetpack_sharing_enabled":true,"jetpack_featured_media_url":"","_links":{"self":[{"href":"https:\/\/www.oparanews.com.br\/index.php\/wp-json\/wp\/v2\/posts\/9246","targetHints":{"allow":["GET"]}}],"collection":[{"href":"https:\/\/www.oparanews.com.br\/index.php\/wp-json\/wp\/v2\/posts"}],"about":[{"href":"https:\/\/www.oparanews.com.br\/index.php\/wp-json\/wp\/v2\/types\/post"}],"author":[{"embeddable":true,"href":"https:\/\/www.oparanews.com.br\/index.php\/wp-json\/wp\/v2\/users\/1"}],"replies":[{"embeddable":true,"href":"https:\/\/www.oparanews.com.br\/index.php\/wp-json\/wp\/v2\/comments?post=9246"}],"version-history":[{"count":0,"href":"https:\/\/www.oparanews.com.br\/index.php\/wp-json\/wp\/v2\/posts\/9246\/revisions"}],"wp:attachment":[{"href":"https:\/\/www.oparanews.com.br\/index.php\/wp-json\/wp\/v2\/media?parent=9246"}],"wp:term":[{"taxonomy":"category","embeddable":true,"href":"https:\/\/www.oparanews.com.br\/index.php\/wp-json\/wp\/v2\/categories?post=9246"},{"taxonomy":"post_tag","embeddable":true,"href":"https:\/\/www.oparanews.com.br\/index.php\/wp-json\/wp\/v2\/tags?post=9246"}],"curies":[{"name":"wp","href":"https:\/\/api.w.org\/{rel}","templated":true}]}}