{"id":9258,"date":"2020-09-08T12:37:38","date_gmt":"2020-09-08T12:37:38","guid":{"rendered":"https:\/\/oparanews.com.br\/?p=9258"},"modified":"2020-09-08T12:37:38","modified_gmt":"2020-09-08T12:37:38","slug":"83-defendem-uso-de-mascara-afirma-ibope","status":"publish","type":"post","link":"https:\/\/www.oparanews.com.br\/index.php\/2020\/09\/08\/83-defendem-uso-de-mascara-afirma-ibope\/","title":{"rendered":"83% defendem uso de m\u00e1scara, afirma Ibope"},"content":{"rendered":"<p>Uma parcela de 83% dos brasileiros diz concordar que as pessoas t\u00eam o dever de respeitar os protocolos de seguran\u00e7a para a conten\u00e7\u00e3o da Covid-19, como o uso de m\u00e1scaras faciais em locais p\u00fablicos. A conclus\u00e3o \u00e9 de uma pesquisa de opini\u00e3o do Ibope encomendada pelo GLOBO. Desse total, 72% disseram que concordam \u201ctotalmente\u201d com a afirma\u00e7\u00e3o acima, e 11%, \u201cparcialmente\u201d.<\/p>\n<p>A opini\u00e3o variou entre subgrupos da pesquisa, por exemplo, com mais indiv\u00edduos situados \u00e0 esquerda do espectro ideol\u00f3gico declarando apoio \u00e0 exig\u00eancia de medidas de prote\u00e7\u00e3o contra o coronav\u00edrus (91%) do que aqueles que se descreviam como de direita (78%).<\/p>\n<p>Os n\u00fameros declarados da aceita\u00e7\u00e3o \u00e0 preven\u00e7\u00e3o, por\u00e9m, contrastam com o cen\u00e1rio visto neste final de semana prolongado no Rio de Janeiro e em outras cidades, onde bares e praias tiveram grandes aglomera\u00e7\u00f5es, e a parcela da popula\u00e7\u00e3o que n\u00e3o usa m\u00e1scara ainda \u00e9 bastante percept\u00edvel.<\/p>\n<p>A pesquisa ouviu 2.626 indiv\u00edduos maiores de 18 anos e restringiu-se ao universo das classes A, B e C. As respostas foram colhidas pelo painel de internautas do Ibope Intelig\u00eancia, entre 21 e 31 de agosto, em todas as regi\u00f5es do pa\u00eds. A amostragem representa um universo de cerca de 70% da popula\u00e7\u00e3o brasileira, segundo relat\u00f3rio do Ibope.<\/p>\n<p>&nbsp;<\/p>\n<p><strong>Fonte: O Globo<\/strong><\/p>\n<p>&nbsp;<\/p>\n","protected":false},"excerpt":{"rendered":"<p>Uma parcela de 83% dos brasileiros diz concordar que as pessoas t\u00eam o dever de respeitar os protocolos de seguran\u00e7a para a conten\u00e7\u00e3o da Covid-19, como o uso de m\u00e1scaras faciais em locais p\u00fablicos. A conclus\u00e3o \u00e9 de uma pesquisa de opini\u00e3o do Ibope encomendada pelo GLOBO. Desse total, 72% disseram que concordam \u201ctotalmente\u201d com &hellip;<\/p>\n","protected":false},"author":1,"featured_media":9259,"comment_status":"open","ping_status":"open","sticky":false,"template":"","format":"standard","meta":{"_jetpack_newsletter_access":"","_jetpack_dont_email_post_to_subs":false,"_jetpack_newsletter_tier_id":0,"_jetpack_memberships_contains_paywalled_content":false,"_jetpack_memberships_contains_paid_content":false,"footnotes":""},"categories":[1],"tags":[],"class_list":["post-9258","post","type-post","status-publish","format-standard","has-post-thumbnail","hentry","category-destaque"],"jetpack_sharing_enabled":true,"jetpack_featured_media_url":"","_links":{"self":[{"href":"https:\/\/www.oparanews.com.br\/index.php\/wp-json\/wp\/v2\/posts\/9258","targetHints":{"allow":["GET"]}}],"collection":[{"href":"https:\/\/www.oparanews.com.br\/index.php\/wp-json\/wp\/v2\/posts"}],"about":[{"href":"https:\/\/www.oparanews.com.br\/index.php\/wp-json\/wp\/v2\/types\/post"}],"author":[{"embeddable":true,"href":"https:\/\/www.oparanews.com.br\/index.php\/wp-json\/wp\/v2\/users\/1"}],"replies":[{"embeddable":true,"href":"https:\/\/www.oparanews.com.br\/index.php\/wp-json\/wp\/v2\/comments?post=9258"}],"version-history":[{"count":0,"href":"https:\/\/www.oparanews.com.br\/index.php\/wp-json\/wp\/v2\/posts\/9258\/revisions"}],"wp:attachment":[{"href":"https:\/\/www.oparanews.com.br\/index.php\/wp-json\/wp\/v2\/media?parent=9258"}],"wp:term":[{"taxonomy":"category","embeddable":true,"href":"https:\/\/www.oparanews.com.br\/index.php\/wp-json\/wp\/v2\/categories?post=9258"},{"taxonomy":"post_tag","embeddable":true,"href":"https:\/\/www.oparanews.com.br\/index.php\/wp-json\/wp\/v2\/tags?post=9258"}],"curies":[{"name":"wp","href":"https:\/\/api.w.org\/{rel}","templated":true}]}}