{"id":9261,"date":"2020-09-09T00:41:15","date_gmt":"2020-09-09T00:41:15","guid":{"rendered":"https:\/\/oparanews.com.br\/?p=9261"},"modified":"2020-09-09T00:41:15","modified_gmt":"2020-09-09T00:41:15","slug":"alagoas-registra-mais-80-casos-e-sete-mortes-por-covid-19","status":"publish","type":"post","link":"https:\/\/www.oparanews.com.br\/index.php\/2020\/09\/09\/alagoas-registra-mais-80-casos-e-sete-mortes-por-covid-19\/","title":{"rendered":"Alagoas registra mais 80 casos e sete mortes por Covid-19"},"content":{"rendered":"<p>Alagoas registrou 80 novos casos e sete mortes por Covid-19, segundo boletim epidemiol\u00f3gico divulgado nesta ter\u00e7a-feira (8) pela Secretaria de Estado da Sa\u00fade (Sesau).<\/p>\n<p>O estado tem ao todo 80.866 casos confirmados e 1.943 \u00f3bitos causados pela doen\u00e7a.<\/p>\n<p>O n\u00famero de casos suspeitos chegou a 3.947. Entre os casos confirmados, 76.705 pessoas j\u00e1 est\u00e3o recuperadas da Covid-19.<\/p>\n<p><strong>Leitos de Covid-19<\/strong><\/p>\n<p>A ocupa\u00e7\u00e3o de leitos exclusivos para Covid-19 estava em 18% na segunda (7), \u00faltima data de atualiza\u00e7\u00e3o. Considerando apenas os leitos de UTI, a ocupa\u00e7\u00e3o era de 37%.<\/p>\n<p><strong>Mais sete mortes por Covid-19<\/strong><\/p>\n<p>Macei\u00f3: Mulher, 75 anos \u2013 sem comorbidades<br \/>\nMacei\u00f3: Mulher, 74 anos \u2013 doen\u00e7a respirat\u00f3ria cr\u00f4nica<br \/>\nMacei\u00f3: Homem, 75 anos \u2013 doen\u00e7a renal cr\u00f4nica<br \/>\nMacei\u00f3: Homem, 83 anos \u2013 sem comorbidades<br \/>\nArapiraca: Homem, 71 anos \u2013 sem comorbidades<br \/>\nSanta Luzia do Norte: Homem, 74 anos \u2013 sem comorbidades<br \/>\nJunqueiro: Homem, 82 anos \u2013 imunossupress\u00e3o<\/p>\n<p>&nbsp;<\/p>\n<p><strong>Fonte: G1\/AL<\/strong><\/p>\n<p>&nbsp;<\/p>\n","protected":false},"excerpt":{"rendered":"<p>Alagoas registrou 80 novos casos e sete mortes por Covid-19, segundo boletim epidemiol\u00f3gico divulgado nesta ter\u00e7a-feira (8) pela Secretaria de Estado da Sa\u00fade (Sesau). O estado tem ao todo 80.866 casos confirmados e 1.943 \u00f3bitos causados pela doen\u00e7a. O n\u00famero de casos suspeitos chegou a 3.947. Entre os casos confirmados, 76.705 pessoas j\u00e1 est\u00e3o recuperadas &hellip;<\/p>\n","protected":false},"author":1,"featured_media":6921,"comment_status":"open","ping_status":"open","sticky":false,"template":"","format":"standard","meta":{"_jetpack_newsletter_access":"","_jetpack_dont_email_post_to_subs":false,"_jetpack_newsletter_tier_id":0,"_jetpack_memberships_contains_paywalled_content":false,"_jetpack_memberships_contains_paid_content":false,"footnotes":""},"categories":[1],"tags":[],"class_list":["post-9261","post","type-post","status-publish","format-standard","has-post-thumbnail","hentry","category-destaque"],"jetpack_sharing_enabled":true,"jetpack_featured_media_url":"","_links":{"self":[{"href":"https:\/\/www.oparanews.com.br\/index.php\/wp-json\/wp\/v2\/posts\/9261","targetHints":{"allow":["GET"]}}],"collection":[{"href":"https:\/\/www.oparanews.com.br\/index.php\/wp-json\/wp\/v2\/posts"}],"about":[{"href":"https:\/\/www.oparanews.com.br\/index.php\/wp-json\/wp\/v2\/types\/post"}],"author":[{"embeddable":true,"href":"https:\/\/www.oparanews.com.br\/index.php\/wp-json\/wp\/v2\/users\/1"}],"replies":[{"embeddable":true,"href":"https:\/\/www.oparanews.com.br\/index.php\/wp-json\/wp\/v2\/comments?post=9261"}],"version-history":[{"count":0,"href":"https:\/\/www.oparanews.com.br\/index.php\/wp-json\/wp\/v2\/posts\/9261\/revisions"}],"wp:attachment":[{"href":"https:\/\/www.oparanews.com.br\/index.php\/wp-json\/wp\/v2\/media?parent=9261"}],"wp:term":[{"taxonomy":"category","embeddable":true,"href":"https:\/\/www.oparanews.com.br\/index.php\/wp-json\/wp\/v2\/categories?post=9261"},{"taxonomy":"post_tag","embeddable":true,"href":"https:\/\/www.oparanews.com.br\/index.php\/wp-json\/wp\/v2\/tags?post=9261"}],"curies":[{"name":"wp","href":"https:\/\/api.w.org\/{rel}","templated":true}]}}