{"id":9263,"date":"2020-09-09T01:22:37","date_gmt":"2020-09-09T01:22:37","guid":{"rendered":"https:\/\/oparanews.com.br\/?p=9263"},"modified":"2020-09-09T01:22:37","modified_gmt":"2020-09-09T01:22:37","slug":"motorista-de-caminhao-morre-ao-capotar-veiculo-em-palmeira-dos-indios","status":"publish","type":"post","link":"https:\/\/www.oparanews.com.br\/index.php\/2020\/09\/09\/motorista-de-caminhao-morre-ao-capotar-veiculo-em-palmeira-dos-indios\/","title":{"rendered":"Motorista de caminh\u00e3o morre ao capotar ve\u00edculo em Palmeira dos \u00cdndios"},"content":{"rendered":"<p>O motorista de um caminh\u00e3o morreu ao capotar o ve\u00edculo que dirigia na tarde desta ter\u00e7a-feira (8) pr\u00f3ximo a uma ribanceira na rodovia AL-115, em Palmeira dos \u00cdndios, no Agreste de Alagoas. De acordo com o Corpo de Bombeiros, o caminh\u00e3o transportava gesso.<\/p>\n<p>O v\u00eddeo cedido pelos bombeiros mostra o caminh\u00e3o totalmente destru\u00eddo com a carga espalhada devido ao impacto do acidente.<\/p>\n<p>O nome da v\u00edtima n\u00e3o foi divulgado.<\/p>\n<p>O Batalh\u00e3o de Pol\u00edcia Rodovi\u00e1rio (BPRv) foi acionado. Os institutos de Criminal\u00edstica (IC) e M\u00e9dico Legal (IML) foram ao local para fazer per\u00edcia e recolher o corpo.<\/p>\n<p>&nbsp;<\/p>\n<p><strong>Fonte: G1\/AL<\/strong><\/p>\n<p>&nbsp;<\/p>\n","protected":false},"excerpt":{"rendered":"<p>O motorista de um caminh\u00e3o morreu ao capotar o ve\u00edculo que dirigia na tarde desta ter\u00e7a-feira (8) pr\u00f3ximo a uma ribanceira na rodovia AL-115, em Palmeira dos \u00cdndios, no Agreste de Alagoas. De acordo com o Corpo de Bombeiros, o caminh\u00e3o transportava gesso. O v\u00eddeo cedido pelos bombeiros mostra o caminh\u00e3o totalmente destru\u00eddo com a &hellip;<\/p>\n","protected":false},"author":1,"featured_media":9264,"comment_status":"open","ping_status":"open","sticky":false,"template":"","format":"standard","meta":{"_jetpack_newsletter_access":"","_jetpack_dont_email_post_to_subs":false,"_jetpack_newsletter_tier_id":0,"_jetpack_memberships_contains_paywalled_content":false,"_jetpack_memberships_contains_paid_content":false,"footnotes":""},"categories":[1],"tags":[],"class_list":["post-9263","post","type-post","status-publish","format-standard","has-post-thumbnail","hentry","category-destaque"],"jetpack_sharing_enabled":true,"jetpack_featured_media_url":"","_links":{"self":[{"href":"https:\/\/www.oparanews.com.br\/index.php\/wp-json\/wp\/v2\/posts\/9263","targetHints":{"allow":["GET"]}}],"collection":[{"href":"https:\/\/www.oparanews.com.br\/index.php\/wp-json\/wp\/v2\/posts"}],"about":[{"href":"https:\/\/www.oparanews.com.br\/index.php\/wp-json\/wp\/v2\/types\/post"}],"author":[{"embeddable":true,"href":"https:\/\/www.oparanews.com.br\/index.php\/wp-json\/wp\/v2\/users\/1"}],"replies":[{"embeddable":true,"href":"https:\/\/www.oparanews.com.br\/index.php\/wp-json\/wp\/v2\/comments?post=9263"}],"version-history":[{"count":0,"href":"https:\/\/www.oparanews.com.br\/index.php\/wp-json\/wp\/v2\/posts\/9263\/revisions"}],"wp:attachment":[{"href":"https:\/\/www.oparanews.com.br\/index.php\/wp-json\/wp\/v2\/media?parent=9263"}],"wp:term":[{"taxonomy":"category","embeddable":true,"href":"https:\/\/www.oparanews.com.br\/index.php\/wp-json\/wp\/v2\/categories?post=9263"},{"taxonomy":"post_tag","embeddable":true,"href":"https:\/\/www.oparanews.com.br\/index.php\/wp-json\/wp\/v2\/tags?post=9263"}],"curies":[{"name":"wp","href":"https:\/\/api.w.org\/{rel}","templated":true}]}}