{"id":9279,"date":"2020-09-09T19:37:04","date_gmt":"2020-09-09T19:37:04","guid":{"rendered":"https:\/\/oparanews.com.br\/?p=9279"},"modified":"2020-09-09T19:37:04","modified_gmt":"2020-09-09T19:37:04","slug":"alagoas-confirma-mais-seis-mortes-por-covid-19-total-chega-a-1-949","status":"publish","type":"post","link":"https:\/\/www.oparanews.com.br\/index.php\/2020\/09\/09\/alagoas-confirma-mais-seis-mortes-por-covid-19-total-chega-a-1-949\/","title":{"rendered":"Alagoas confirma mais seis mortes por Covid-19; total chega a 1.949"},"content":{"rendered":"<p>Alagoas registrou 81.042 casos confirmados e 1.949 mortes por Covid-19 at\u00e9 esta quarta-feira (9), segundo boletim epidemiol\u00f3gico da Secretaria de Estado da Sa\u00fade (Sesau).<\/p>\n<p>Nas \u00faltimas 24 horas, o estado confirmou mais 176 casos e seis \u00f3bitos causados pela infec\u00e7\u00e3o pelo novo coronav\u00edrus.<\/p>\n<p>O boletim epidemiol\u00f3gico mostrou que h\u00e1 3.598 casos suspeitos e que 76.936 pessoas finalizaram o tratamento e est\u00e3o recuperadas da Covid-19.<\/p>\n<p><strong>Boletim de leitos<\/strong><\/p>\n<p>A taxa de ocupa\u00e7\u00e3o de leitos exclusivos para Covid-19 \u00e9 de 17% nesta quarta. E a de leitos de UTI \u00e9 de 33%.<\/p>\n<p>Mais seis mortes por Covid-19<\/p>\n<p>Macei\u00f3: Mulher, 71 anos \u2013 doen\u00e7a card\u00edaca cr\u00f4nica<br \/>\nMacei\u00f3: Homem, 70 anos \u2013 doen\u00e7a card\u00edaca cr\u00f4nica<br \/>\nMacei\u00f3: Homem, 61 anos \u2013 sem comorbidades<br \/>\nMacei\u00f3: Homem, 89 anos \u2013 diab\u00e9tico<br \/>\nSantana do Ipanema: Homem, 80 anos \u2013 sem comorbidades<br \/>\nDelmiro Gouveia: Mulher, 54 anos \u2013 diab\u00e9tica<\/p>\n<p>&nbsp;<\/p>\n<p><strong>Fonte: G1\/AL<\/strong><\/p>\n<p>&nbsp;<\/p>\n","protected":false},"excerpt":{"rendered":"<p>Alagoas registrou 81.042 casos confirmados e 1.949 mortes por Covid-19 at\u00e9 esta quarta-feira (9), segundo boletim epidemiol\u00f3gico da Secretaria de Estado da Sa\u00fade (Sesau). Nas \u00faltimas 24 horas, o estado confirmou mais 176 casos e seis \u00f3bitos causados pela infec\u00e7\u00e3o pelo novo coronav\u00edrus. O boletim epidemiol\u00f3gico mostrou que h\u00e1 3.598 casos suspeitos e que 76.936 &hellip;<\/p>\n","protected":false},"author":1,"featured_media":9280,"comment_status":"open","ping_status":"open","sticky":false,"template":"","format":"standard","meta":{"_jetpack_newsletter_access":"","_jetpack_dont_email_post_to_subs":false,"_jetpack_newsletter_tier_id":0,"_jetpack_memberships_contains_paywalled_content":false,"_jetpack_memberships_contains_paid_content":false,"footnotes":""},"categories":[1],"tags":[],"class_list":["post-9279","post","type-post","status-publish","format-standard","has-post-thumbnail","hentry","category-destaque"],"jetpack_sharing_enabled":true,"jetpack_featured_media_url":"","_links":{"self":[{"href":"https:\/\/www.oparanews.com.br\/index.php\/wp-json\/wp\/v2\/posts\/9279","targetHints":{"allow":["GET"]}}],"collection":[{"href":"https:\/\/www.oparanews.com.br\/index.php\/wp-json\/wp\/v2\/posts"}],"about":[{"href":"https:\/\/www.oparanews.com.br\/index.php\/wp-json\/wp\/v2\/types\/post"}],"author":[{"embeddable":true,"href":"https:\/\/www.oparanews.com.br\/index.php\/wp-json\/wp\/v2\/users\/1"}],"replies":[{"embeddable":true,"href":"https:\/\/www.oparanews.com.br\/index.php\/wp-json\/wp\/v2\/comments?post=9279"}],"version-history":[{"count":0,"href":"https:\/\/www.oparanews.com.br\/index.php\/wp-json\/wp\/v2\/posts\/9279\/revisions"}],"wp:attachment":[{"href":"https:\/\/www.oparanews.com.br\/index.php\/wp-json\/wp\/v2\/media?parent=9279"}],"wp:term":[{"taxonomy":"category","embeddable":true,"href":"https:\/\/www.oparanews.com.br\/index.php\/wp-json\/wp\/v2\/categories?post=9279"},{"taxonomy":"post_tag","embeddable":true,"href":"https:\/\/www.oparanews.com.br\/index.php\/wp-json\/wp\/v2\/tags?post=9279"}],"curies":[{"name":"wp","href":"https:\/\/api.w.org\/{rel}","templated":true}]}}