{"id":9282,"date":"2020-09-09T19:54:05","date_gmt":"2020-09-09T19:54:05","guid":{"rendered":"https:\/\/oparanews.com.br\/?p=9282"},"modified":"2020-09-09T19:54:05","modified_gmt":"2020-09-09T19:54:05","slug":"estudo-aponta-queda-de-novos-casos-e-mortes-por-covid-19-em-quase-todo-o-estado","status":"publish","type":"post","link":"https:\/\/www.oparanews.com.br\/index.php\/2020\/09\/09\/estudo-aponta-queda-de-novos-casos-e-mortes-por-covid-19-em-quase-todo-o-estado\/","title":{"rendered":"Estudo aponta queda de novos casos e mortes por Covid-19 em quase todo o estado"},"content":{"rendered":"<p>A mais recente avalia\u00e7\u00e3o sobre a Covid-19 em Alagoas mostrou redu\u00e7\u00e3o de casos e mortes causadas pela doen\u00e7a em quase todo o estado, mas um aumento em munic\u00edpios da 8\u00aa Regi\u00e3o de Sa\u00fade. O estudo realizado pelo Observat\u00f3rio Alagoano de Pol\u00edticas P\u00fablicas para o Enfrentamento da Covid-19 foi publicado na ter\u00e7a-feira (8).<\/p>\n<p>A 8\u00aa regi\u00e3o \u00e9 composta pelos munic\u00edpios de Bel\u00e9m, Cacimbinhas, Estrela de Alagoas, Igaci, Maribondo, Minador do Negr\u00e3o, Palmeira dos \u00cdndios e Tanque d&#8217;Arca.<\/p>\n<p>O coordenador do observat\u00f3rio, Gabriel B\u00e1due, destacou a queda significativa de novos casos e mortes.<\/p>\n<p>&#8220;O maior destaque \u00e9 a queda de n\u00famero de novos casos e \u00f3bitos ao longo da \u00faltima semana, principalmente de casos, que teve uma redu\u00e7\u00e3o de mais de 1.000 casos quando comparado com o registrado na semana anterior, o que corresponde a uma diminui\u00e7\u00e3o de 34%&#8221;, disse.<\/p>\n<p>O pesquisador destacou que, apesar da diminui\u00e7\u00e3o, o estudo mostrou que houve aumento no n\u00famero de novos casos em alguns munic\u00edpios.<\/p>\n<p>&#8220;Al\u00e9m disso, uma caracter\u00edstica importante registrada ao longo da 36\u00aa semana epidemiol\u00f3gica foi que essa redu\u00e7\u00e3o foi observada em quase todo o estado, com exce\u00e7\u00e3o da 8\u00aa Regi\u00e3o de Sa\u00fade, onde o n\u00famero de novos casos na 36\u00aa semana epidemiol\u00f3gica dobrou em rela\u00e7\u00e3o a anterior&#8221;, explicou.<\/p>\n<p>No estudo, os pesquisadores da Universidade Federal de Alagoas alertam que &#8220;o momento ainda exige muita aten\u00e7\u00e3o e cuidados, o que refor\u00e7a a necessidade na continuidade de a\u00e7\u00f5es para a amplia\u00e7\u00e3o do controle da transmiss\u00e3o&#8221;.<\/p>\n<p>O coordenador Gabriel B\u00e1due disse que \u00e9 preciso ficar atento ao n\u00famero de casos suspeitos, que continua alto.<\/p>\n<p>&#8220;Por outro lado, chamamos aten\u00e7\u00e3o que o n\u00famero de casos suspeitos continua alto, o que pode ter algum impacto sobre esses resultados. Para se ter uma dimens\u00e3o dessa afirma\u00e7\u00e3o, enquanto no final da primeira quinzena de agosto (33 \u00aa semana epidemiol\u00f3gica) o n\u00famero de casos suspeitos era pr\u00f3ximo de 1.000 (boletim epidemiol\u00f3gico de 15\/08), nas semanas seguintes esse n\u00famero aumentou expressivamente, chegando pr\u00f3ximo de 5 mil casos. No in\u00edcio dessa semana, estava pr\u00f3ximo de 3.700 casos&#8221;, explicou.<\/p>\n<p>Mais sobre a avalia\u00e7\u00e3o da Covid-19 em Alagoas<\/p>\n<p>A avalia\u00e7\u00e3o apontou que no decorrer da 36\u00aa semana epidemiol\u00f3gica, Alagoas registrou 1.979 novos casos e 54 \u00f3bitos por Covid-19.<\/p>\n<p>&#8220;Apesar de ainda serem marcas altas, especialmente em se tratando das vidas perdidas, as referidas notifica\u00e7\u00f5es confirmam a queda na transmiss\u00e3o do novo coronav\u00edrus observada no estado ao longo das \u00faltimas semanas&#8221;, diz um trecho do boletim do Observat\u00f3rio para Enfrentamento da Covid-19.<\/p>\n<p>&#8220;As exce\u00e7\u00f5es ficaram por conta da 8\u00aa RS [Regi\u00e3o de Sa\u00fade], onde o n\u00famero de novos casos duplicou em rela\u00e7\u00e3o \u00e0 semana anterior, a 7\u00aa RS [Regi\u00e3o de Sa\u00fade] que registrou a ocorr\u00eancia de 5 \u00f3bitos (ante 1 \u00f3bito na semana anterior) e Macei\u00f3, que registrou um aumento de 14% em rela\u00e7\u00e3o \u00e0 semana anterior&#8221;, diz o estudo (veja a lista das cidades por regi\u00e3o ao final do texto).<\/p>\n<p>Gabriel B\u00e1due disse que Macei\u00f3 vem registrando aumento de \u00f3bitos h\u00e1 duas semanas. Aumento de 4% na 35\u00aa semana epidemiol\u00f3gica e 14% na 36\u00aa.<\/p>\n<p>Divis\u00e3o territorial de Alagoas, por Regi\u00f5es de Sa\u00fade (RS), sem Macei\u00f3 e Arapiraca<\/p>\n<p>Primeira regi\u00e3o: Barra de Santo Ant\u00f4nio, Barra de S\u00e3o Miguel, Coqueiro Seco, Marechal Deodoro, Messias, Paripueira, Pilar, Rio Largo, Santa Luzia do Norte, Satuba, Flexeiras<br \/>\nSegunda regi\u00e3o: Jacu\u00edpe, Japaratinga, Maragogi, Matriz de Camaragibe, Passo de Camaragibe, Porto Calvo, Porto de Pedra, S\u00e3o Lu\u00eds do Quitunde, S\u00e3o Miguel dos Milagres<br \/>\nTerceira regi\u00e3o: Murici, Campestre, Col\u00f4nia Leopoldina, Jundi\u00e1, Novo Lino, Branquinha, Ibategura, Joaquim Gomes, Santana do Munda\u00fa, S\u00e3o Jos\u00e9 da Lage, Uni\u00e3o dos Palmares<br \/>\nQuarta regi\u00e3o: Ch\u00e3 Preta, Mar Vermelho, Paulo Jacinto, Pindoba, Quebr\u00e2ngulo, Vi\u00e7osa, Atalaia, Cajueiro, Capela<br \/>\nQuinta regi\u00e3o: Anadia, Boca da Mata, Campo Alegre, Junqueiro, Roteiro, S\u00e3o Miguel dos Campos, Teot\u00f4nio Vilela<br \/>\nSexta regi\u00e3o: Feliz Deserto, Igreja Nova, Penedo, Pia\u00e7abu\u00e7u, Porto Real do Col\u00e9gio, S\u00e3o Br\u00e1s, Coruripe, Jequi\u00e1 da Praia<br \/>\nS\u00e9tima regi\u00e3o: Batalha, Belo Monte, Campo Grande, Coit\u00e9 do N\u00f3ia, Cra\u00edbas, Feira Grande, Girau do Ponciano, Jaramataia, Lagoa da Canoa, Limoeiro de Anadia, S\u00e3o Sebasti\u00e3o, Taquarana, Traipu, Major Isidoro, Olho d&#8217;\u00c1gua Grande, Jacar\u00e9 dos Homens<br \/>\nOitava regi\u00e3o: Bel\u00e9m, Cacimbinhas, Estrela de Alagoas, Igaci, Maribondo, Minador do Negr\u00e3o, Palmeira dos \u00cdndios, Tanque d&#8217;Arca<br \/>\nNona regi\u00e3o: Canapi, Carneiros, Dois Riachos, Maravilha, Monteir\u00f3polis, Olho D&#8217;\u00c1gua das Flores, Oliven\u00e7a, Ouro Branco, Palestina, P\u00e3o de A\u00e7ucar, Po\u00e7o das Trincheiras, Santana do Ipanema, S\u00e3o Jos\u00e9 da Tapera, Senador Rui Palmeira<br \/>\nD\u00e9cima regi\u00e3o: \u00c1gua Branca, Delmiro Gouveia, Inhapi, Mata Grande, Olho d&#8217;\u00c1gua do Casado, Pariconha, Piranhas.<\/p>\n<p>&nbsp;<\/p>\n<p><strong>Fonte: G1\/AL<\/strong><\/p>\n<p>&nbsp;<\/p>\n","protected":false},"excerpt":{"rendered":"<p>A mais recente avalia\u00e7\u00e3o sobre a Covid-19 em Alagoas mostrou redu\u00e7\u00e3o de casos e mortes causadas pela doen\u00e7a em quase todo o estado, mas um aumento em munic\u00edpios da 8\u00aa Regi\u00e3o de Sa\u00fade. O estudo realizado pelo Observat\u00f3rio Alagoano de Pol\u00edticas P\u00fablicas para o Enfrentamento da Covid-19 foi publicado na ter\u00e7a-feira (8). A 8\u00aa regi\u00e3o &hellip;<\/p>\n","protected":false},"author":1,"featured_media":9283,"comment_status":"open","ping_status":"open","sticky":false,"template":"","format":"standard","meta":{"_jetpack_newsletter_access":"","_jetpack_dont_email_post_to_subs":false,"_jetpack_newsletter_tier_id":0,"_jetpack_memberships_contains_paywalled_content":false,"_jetpack_memberships_contains_paid_content":false,"footnotes":""},"categories":[1],"tags":[],"class_list":["post-9282","post","type-post","status-publish","format-standard","has-post-thumbnail","hentry","category-destaque"],"jetpack_sharing_enabled":true,"jetpack_featured_media_url":"","_links":{"self":[{"href":"https:\/\/www.oparanews.com.br\/index.php\/wp-json\/wp\/v2\/posts\/9282","targetHints":{"allow":["GET"]}}],"collection":[{"href":"https:\/\/www.oparanews.com.br\/index.php\/wp-json\/wp\/v2\/posts"}],"about":[{"href":"https:\/\/www.oparanews.com.br\/index.php\/wp-json\/wp\/v2\/types\/post"}],"author":[{"embeddable":true,"href":"https:\/\/www.oparanews.com.br\/index.php\/wp-json\/wp\/v2\/users\/1"}],"replies":[{"embeddable":true,"href":"https:\/\/www.oparanews.com.br\/index.php\/wp-json\/wp\/v2\/comments?post=9282"}],"version-history":[{"count":0,"href":"https:\/\/www.oparanews.com.br\/index.php\/wp-json\/wp\/v2\/posts\/9282\/revisions"}],"wp:attachment":[{"href":"https:\/\/www.oparanews.com.br\/index.php\/wp-json\/wp\/v2\/media?parent=9282"}],"wp:term":[{"taxonomy":"category","embeddable":true,"href":"https:\/\/www.oparanews.com.br\/index.php\/wp-json\/wp\/v2\/categories?post=9282"},{"taxonomy":"post_tag","embeddable":true,"href":"https:\/\/www.oparanews.com.br\/index.php\/wp-json\/wp\/v2\/tags?post=9282"}],"curies":[{"name":"wp","href":"https:\/\/api.w.org\/{rel}","templated":true}]}}