{"id":9294,"date":"2020-09-10T14:28:00","date_gmt":"2020-09-10T14:28:00","guid":{"rendered":"https:\/\/oparanews.com.br\/?p=9294"},"modified":"2020-09-10T14:28:00","modified_gmt":"2020-09-10T14:28:00","slug":"marcelo-crivella-e-alvo-de-busca-e-tem-celular-aprendido","status":"publish","type":"post","link":"https:\/\/www.oparanews.com.br\/index.php\/2020\/09\/10\/marcelo-crivella-e-alvo-de-busca-e-tem-celular-aprendido\/","title":{"rendered":"Marcelo Crivella \u00e9 alvo de busca e tem celular aprendido"},"content":{"rendered":"<p>Agentes do Minist\u00e9rio P\u00fablico do Estado do Rio de Janeiro (MP-RJ) e da Pol\u00edcia Civil cumprem nesta quinta-feira, 10, 22 mandados de busca e apreens\u00e3o em investiga\u00e7\u00e3o sobre um suposto esquema de corrup\u00e7\u00e3o na administra\u00e7\u00e3o municipal do Rio de Janeiro.<\/p>\n<p>O prefeito Marcelo Crivella \u00e9 um dos alvos da opera\u00e7\u00e3o. De acordo com informa\u00e7\u00f5es da TV Globo, ele teve um celular aprendido durante a a\u00e7\u00e3o da Pol\u00edcia Federal.<\/p>\n<p>Os policiais est\u00e3o em endere\u00e7os residenciais e funcionais de agentes p\u00fablicos municipais e empres\u00e1rios na capital fluminense &#8211; nos bairros da Barra da Tijuca, Jacarepagu\u00e1, Tijuca e Flamengo -, em Itaipava, na regi\u00e3o serrana, e em Nil\u00f3polis, na regi\u00e3o metropolitana.<\/p>\n<p>Os mandados foram expedidos pelo 1\u00ba Grupo de C\u00e2maras Criminais do Tribunal de Justi\u00e7a do Rio. A opera\u00e7\u00e3o \u00e9 conduzida pela Suprocuradoria-Geral de Assuntos Criminais (Subcriminal\/MPRJ) e pelo Grupo de Atribui\u00e7\u00e3o Origin\u00e1ria Criminal da Procuradoria-Geral de Justi\u00e7a (GAOCRIM\/MPRJ), junto com integrantes da Coordenadoria de Seguran\u00e7a e Intelig\u00eancia (CSI\/MPRJ) e da Coordenadoria de Investiga\u00e7\u00f5es de Agentes com Foro (CIAF\/PCERJ) da Pol\u00edcia Civil.<\/p>\n<p>Segundo o MP-RJ, a opera\u00e7\u00e3o \u00e9 um desdobramento da primeira fase da Opera\u00e7\u00e3o Hades, executada em 10 de mar\u00e7o deste ano. O procedimento policial est\u00e1 sob sigilo, por isso n\u00e3o foram reveladas mais informa\u00e7\u00f5es sobre os investigados.<\/p>\n<p>&nbsp;<\/p>\n<p><strong>Fonte: Terra<\/strong><\/p>\n<p>&nbsp;<\/p>\n","protected":false},"excerpt":{"rendered":"<p>Agentes do Minist\u00e9rio P\u00fablico do Estado do Rio de Janeiro (MP-RJ) e da Pol\u00edcia Civil cumprem nesta quinta-feira, 10, 22 mandados de busca e apreens\u00e3o em investiga\u00e7\u00e3o sobre um suposto esquema de corrup\u00e7\u00e3o na administra\u00e7\u00e3o municipal do Rio de Janeiro. O prefeito Marcelo Crivella \u00e9 um dos alvos da opera\u00e7\u00e3o. De acordo com informa\u00e7\u00f5es da &hellip;<\/p>\n","protected":false},"author":1,"featured_media":9295,"comment_status":"open","ping_status":"open","sticky":false,"template":"","format":"standard","meta":{"_jetpack_newsletter_access":"","_jetpack_dont_email_post_to_subs":false,"_jetpack_newsletter_tier_id":0,"_jetpack_memberships_contains_paywalled_content":false,"_jetpack_memberships_contains_paid_content":false,"footnotes":""},"categories":[1],"tags":[],"class_list":["post-9294","post","type-post","status-publish","format-standard","has-post-thumbnail","hentry","category-destaque"],"jetpack_sharing_enabled":true,"jetpack_featured_media_url":"","_links":{"self":[{"href":"https:\/\/www.oparanews.com.br\/index.php\/wp-json\/wp\/v2\/posts\/9294","targetHints":{"allow":["GET"]}}],"collection":[{"href":"https:\/\/www.oparanews.com.br\/index.php\/wp-json\/wp\/v2\/posts"}],"about":[{"href":"https:\/\/www.oparanews.com.br\/index.php\/wp-json\/wp\/v2\/types\/post"}],"author":[{"embeddable":true,"href":"https:\/\/www.oparanews.com.br\/index.php\/wp-json\/wp\/v2\/users\/1"}],"replies":[{"embeddable":true,"href":"https:\/\/www.oparanews.com.br\/index.php\/wp-json\/wp\/v2\/comments?post=9294"}],"version-history":[{"count":0,"href":"https:\/\/www.oparanews.com.br\/index.php\/wp-json\/wp\/v2\/posts\/9294\/revisions"}],"wp:attachment":[{"href":"https:\/\/www.oparanews.com.br\/index.php\/wp-json\/wp\/v2\/media?parent=9294"}],"wp:term":[{"taxonomy":"category","embeddable":true,"href":"https:\/\/www.oparanews.com.br\/index.php\/wp-json\/wp\/v2\/categories?post=9294"},{"taxonomy":"post_tag","embeddable":true,"href":"https:\/\/www.oparanews.com.br\/index.php\/wp-json\/wp\/v2\/tags?post=9294"}],"curies":[{"name":"wp","href":"https:\/\/api.w.org\/{rel}","templated":true}]}}