{"id":9297,"date":"2020-09-10T14:29:57","date_gmt":"2020-09-10T14:29:57","guid":{"rendered":"https:\/\/oparanews.com.br\/?p=9297"},"modified":"2020-09-10T14:29:57","modified_gmt":"2020-09-10T14:29:57","slug":"brasil-mantera-contrato-com-astrazeneca-mesmo-com-atraso","status":"publish","type":"post","link":"https:\/\/www.oparanews.com.br\/index.php\/2020\/09\/10\/brasil-mantera-contrato-com-astrazeneca-mesmo-com-atraso\/","title":{"rendered":"Brasil manter\u00e1 contrato com AstraZeneca mesmo com atraso"},"content":{"rendered":"<p>O contrato do governo federal de aquisi\u00e7\u00e3o da vacina firmado com a farmac\u00eautica AstraZeneca n\u00e3o sofrer\u00e1 altera\u00e7\u00e3o, disse ontem o secret\u00e1rio executivo do Minist\u00e9rio da Sa\u00fade, \u00c9lcio Franco Filho. Ele afirmou ainda que o acordo de encomenda tecnol\u00f3gica j\u00e1 foi assinado. A not\u00edcia da suspens\u00e3o, por\u00e9m, foi recebida no Pal\u00e1cio do Planalto como \u201cum balde de \u00e1gua fria\u201d, nas palavras de um auxiliar do presidente Jair Bolsonaro.<\/p>\n<p>O Brasil tem acordo com a farmac\u00eautica que garante acesso a 100 milh\u00f5es de doses \u2013 30 milh\u00f5es seriam entregues entre dezembro e janeiro e 70 milh\u00f5es, ao longo dos dois primeiros trimestres de 2021. \u201cO contrato da Fiocruz e AstraZeneca n\u00e3o sofrer\u00e1 qualquer altera\u00e7\u00e3o. Al\u00e9m do memorando de entendimento, o acordo de encomenda tecnol\u00f3gica j\u00e1 foi assinado eletronicamente pela AstraZeneca e pelo Brasil, pela Fiocruz\u201d, disse Franco.<\/p>\n<p>O minist\u00e9rio disse que n\u00e3o sabe quanto o cronograma para desenvolver a vacina ser\u00e1 afetado e destacou ser natural a rea\u00e7\u00e3o adversa reportada. \u201cO risco da compra adiantada de uma vacina \u00e9 inerente a conjuntura, n\u00e3o apenas para o Brasil, mas para qualquer pa\u00eds. V\u00e1rios pa\u00edses est\u00e3o investindo na promessa de uma vacina segura, de forma adiantada sob pena de n\u00e3o ter acesso \u00e0 imuniza\u00e7\u00e3o quando essa for comprovada. Portanto, \u00e9 um risco medido e necess\u00e1rio sobre o aspecto cl\u00ednico e tecnol\u00f3gico\u201d, afirmou a pasta.<\/p>\n<p>Mais cedo, o vice-presidente da Rep\u00fablica, Hamilton Mour\u00e3o, adotou tom semelhante. \u201cVamos aguardar, n\u00e9? Vacina \u00e9 isso a\u00ed, p\u00f4. Toda quest\u00e3o de pesquisa e desenvolvimento de alguma coisa avan\u00e7a e, \u00e0s vezes, sofre alguns recuos\u201d, disse.<\/p>\n<p>Franco ainda refor\u00e7ou que embora haja alta expectativa de oferecer a vacina, \u201cn\u00e3o podemos perder de vista a seguran\u00e7a do processo e seguran\u00e7a da popula\u00e7\u00e3o a ser imunizada\u201d.<\/p>\n<p>Ele tamb\u00e9m afirmou que o Brasil acompanha o desenvolvimento de outras vacinas, via Instituto Butant\u00e3 (que participa dos testes da Coronavac, chinesa) e pelo Instituto de Tecnologia do Paran\u00e1 (que pretende fazer testes da vacina russa, Sputnik V).<\/p>\n<p>As informa\u00e7\u00f5es s\u00e3o do jornal O Estado de S. Paulo.<\/p>\n<p>&nbsp;<\/p>\n<p><strong>Fonte: Terra<\/strong><\/p>\n<p>&nbsp;<\/p>\n","protected":false},"excerpt":{"rendered":"<p>O contrato do governo federal de aquisi\u00e7\u00e3o da vacina firmado com a farmac\u00eautica AstraZeneca n\u00e3o sofrer\u00e1 altera\u00e7\u00e3o, disse ontem o secret\u00e1rio executivo do Minist\u00e9rio da Sa\u00fade, \u00c9lcio Franco Filho. Ele afirmou ainda que o acordo de encomenda tecnol\u00f3gica j\u00e1 foi assinado. A not\u00edcia da suspens\u00e3o, por\u00e9m, foi recebida no Pal\u00e1cio do Planalto como \u201cum balde &hellip;<\/p>\n","protected":false},"author":1,"featured_media":9298,"comment_status":"open","ping_status":"open","sticky":false,"template":"","format":"standard","meta":{"_jetpack_newsletter_access":"","_jetpack_dont_email_post_to_subs":false,"_jetpack_newsletter_tier_id":0,"_jetpack_memberships_contains_paywalled_content":false,"_jetpack_memberships_contains_paid_content":false,"footnotes":""},"categories":[1],"tags":[],"class_list":["post-9297","post","type-post","status-publish","format-standard","has-post-thumbnail","hentry","category-destaque"],"jetpack_sharing_enabled":true,"jetpack_featured_media_url":"","_links":{"self":[{"href":"https:\/\/www.oparanews.com.br\/index.php\/wp-json\/wp\/v2\/posts\/9297","targetHints":{"allow":["GET"]}}],"collection":[{"href":"https:\/\/www.oparanews.com.br\/index.php\/wp-json\/wp\/v2\/posts"}],"about":[{"href":"https:\/\/www.oparanews.com.br\/index.php\/wp-json\/wp\/v2\/types\/post"}],"author":[{"embeddable":true,"href":"https:\/\/www.oparanews.com.br\/index.php\/wp-json\/wp\/v2\/users\/1"}],"replies":[{"embeddable":true,"href":"https:\/\/www.oparanews.com.br\/index.php\/wp-json\/wp\/v2\/comments?post=9297"}],"version-history":[{"count":0,"href":"https:\/\/www.oparanews.com.br\/index.php\/wp-json\/wp\/v2\/posts\/9297\/revisions"}],"wp:attachment":[{"href":"https:\/\/www.oparanews.com.br\/index.php\/wp-json\/wp\/v2\/media?parent=9297"}],"wp:term":[{"taxonomy":"category","embeddable":true,"href":"https:\/\/www.oparanews.com.br\/index.php\/wp-json\/wp\/v2\/categories?post=9297"},{"taxonomy":"post_tag","embeddable":true,"href":"https:\/\/www.oparanews.com.br\/index.php\/wp-json\/wp\/v2\/tags?post=9297"}],"curies":[{"name":"wp","href":"https:\/\/api.w.org\/{rel}","templated":true}]}}