{"id":9300,"date":"2020-09-10T14:36:04","date_gmt":"2020-09-10T14:36:04","guid":{"rendered":"https:\/\/oparanews.com.br\/?p=9300"},"modified":"2020-09-10T14:36:04","modified_gmt":"2020-09-10T14:36:04","slug":"sbt-assina-contrato-e-transmitira-libertadores-2020","status":"publish","type":"post","link":"https:\/\/www.oparanews.com.br\/index.php\/2020\/09\/10\/sbt-assina-contrato-e-transmitira-libertadores-2020\/","title":{"rendered":"SBT assina contrato e transmitir\u00e1 Libertadores 2020"},"content":{"rendered":"<p>A Copa Libertadores parece ter uma nova casa na TV aberta do Brasil: &#8220;SBT&#8221;. De acordo com o portal &#8220;R7&#8221;, a emissora de Silvio Santos fechou contrato com a CONMEBOL e transmitir\u00e1 as partidas da competi\u00e7\u00e3o mais cobi\u00e7ada das Am\u00e9ricas. As negocia\u00e7\u00f5es foram encerradas na madrugada desta quinta-feira e o anuncio pode ser feito ainda no mesmo dia.<\/p>\n<p>As tratativas entre &#8220;SBT&#8221; e CONMEBOL iniciaram no \u00faltima dia 4 de setembro. Al\u00e9m do canal, &#8220;Band&#8221; e &#8220;RedeTV!&#8221; chegaram a buscar mais informa\u00e7\u00f5es para acertar a exibi\u00e7\u00e3o em suas emissoras. Agora, com o acordo, o &#8220;SBT&#8221; substituir\u00e1 a &#8220;Globo&#8221;, que entrou em desentendimento de valores financeiros em agosto. Segundo informa\u00e7\u00f5es o portal, n\u00e3o foi poss\u00edvel manter o acordo de US$ 60 milh\u00f5es por temporada para TVs aberta e fechada, v\u00e1lido at\u00e9 2022.<\/p>\n<p>Vale lembrar que a pr\u00f3pria confedera\u00e7\u00e3o sul-americana tamb\u00e9m procurou canais no Brasil ap\u00f3s a sa\u00edda da &#8220;Globo&#8221;. Desta vez, o contrato com o &#8220;SBT&#8221; permite espa\u00e7o para publicidades que antes n\u00e3o tinham vez.<\/p>\n<p>Na quarta-feira, o site &#8220;Uol&#8221; afirmou que o &#8220;SBT&#8221; j\u00e1 cogita dois nomes para a locu\u00e7\u00e3o dos jogos. De acordo com o portal, Andr\u00e9 Henning, do &#8220;Esporte Interativo&#8221;, estaria sendo observado, principalmente por seu contrato com o &#8220;EI&#8221; terminar no fim deste ano.<\/p>\n<p>Ao LANCE!, ele negou ter sido procurado e confirmou a dura\u00e7\u00e3o de seu contrato. J\u00e1 T\u00e9o Jos\u00e9, dos canais &#8220;Fox Sports&#8221;, possui um hist\u00f3rico recente favor\u00e1vel com a TV de Silvio. Em julho, o locutor narrou Flamengo x Fluminense, pelo Campeonato Carioca.<\/p>\n<p>&nbsp;<\/p>\n<p><strong>Fonte: LANCE<\/strong><\/p>\n<p>&nbsp;<\/p>\n","protected":false},"excerpt":{"rendered":"<p>A Copa Libertadores parece ter uma nova casa na TV aberta do Brasil: &#8220;SBT&#8221;. De acordo com o portal &#8220;R7&#8221;, a emissora de Silvio Santos fechou contrato com a CONMEBOL e transmitir\u00e1 as partidas da competi\u00e7\u00e3o mais cobi\u00e7ada das Am\u00e9ricas. As negocia\u00e7\u00f5es foram encerradas na madrugada desta quinta-feira e o anuncio pode ser feito ainda &hellip;<\/p>\n","protected":false},"author":1,"featured_media":9301,"comment_status":"open","ping_status":"open","sticky":false,"template":"","format":"standard","meta":{"_jetpack_newsletter_access":"","_jetpack_dont_email_post_to_subs":false,"_jetpack_newsletter_tier_id":0,"_jetpack_memberships_contains_paywalled_content":false,"_jetpack_memberships_contains_paid_content":false,"footnotes":""},"categories":[1],"tags":[],"class_list":["post-9300","post","type-post","status-publish","format-standard","has-post-thumbnail","hentry","category-destaque"],"jetpack_sharing_enabled":true,"jetpack_featured_media_url":"","_links":{"self":[{"href":"https:\/\/www.oparanews.com.br\/index.php\/wp-json\/wp\/v2\/posts\/9300","targetHints":{"allow":["GET"]}}],"collection":[{"href":"https:\/\/www.oparanews.com.br\/index.php\/wp-json\/wp\/v2\/posts"}],"about":[{"href":"https:\/\/www.oparanews.com.br\/index.php\/wp-json\/wp\/v2\/types\/post"}],"author":[{"embeddable":true,"href":"https:\/\/www.oparanews.com.br\/index.php\/wp-json\/wp\/v2\/users\/1"}],"replies":[{"embeddable":true,"href":"https:\/\/www.oparanews.com.br\/index.php\/wp-json\/wp\/v2\/comments?post=9300"}],"version-history":[{"count":0,"href":"https:\/\/www.oparanews.com.br\/index.php\/wp-json\/wp\/v2\/posts\/9300\/revisions"}],"wp:attachment":[{"href":"https:\/\/www.oparanews.com.br\/index.php\/wp-json\/wp\/v2\/media?parent=9300"}],"wp:term":[{"taxonomy":"category","embeddable":true,"href":"https:\/\/www.oparanews.com.br\/index.php\/wp-json\/wp\/v2\/categories?post=9300"},{"taxonomy":"post_tag","embeddable":true,"href":"https:\/\/www.oparanews.com.br\/index.php\/wp-json\/wp\/v2\/tags?post=9300"}],"curies":[{"name":"wp","href":"https:\/\/api.w.org\/{rel}","templated":true}]}}