{"id":9303,"date":"2020-09-10T19:24:34","date_gmt":"2020-09-10T19:24:34","guid":{"rendered":"https:\/\/oparanews.com.br\/?p=9303"},"modified":"2020-09-10T19:24:34","modified_gmt":"2020-09-10T19:24:34","slug":"alagoas-permanece-nas-fases-azul-e-amarela-do-distanciamento-social","status":"publish","type":"post","link":"https:\/\/www.oparanews.com.br\/index.php\/2020\/09\/10\/alagoas-permanece-nas-fases-azul-e-amarela-do-distanciamento-social\/","title":{"rendered":"Alagoas permanece nas fases azul e amarela do distanciamento social"},"content":{"rendered":"<p>O governador Renan Filho afirmou, na manh\u00e3 desta quinta-feira (10), que Macei\u00f3 e o interior do estado v\u00e3o permanecer nas fases azul e amarela, respectivamente, dentro do Plano de Distanciamento Social Controlado estabelecido pelo Governo do Estado para o enfrentamento da Covid-19 em Alagoas.<\/p>\n<p>O an\u00fancio foi feito durante entrevista coletiva, no Pal\u00e1cio Rep\u00fablica dos Palmares, que precedeu a solenidade de assinatura da ordem de servi\u00e7o para a constru\u00e7\u00e3o de uma escadaria no povoado de Santa Luzia, em Barra de Santo Ant\u00f4nio.<\/p>\n<p>\u201cMacei\u00f3 teve novamente uma semana com redu\u00e7\u00e3o de mortes, mas, como j\u00e1 estamos na fase azul, com boa parcela das atividades n\u00e3o essenciais funcionando, ainda n\u00e3o \u00e9 hora de mudar para a fase verde\u201d, ponderou o governador.<\/p>\n<p>Renan Filho disse que n\u00e3o \u00e9 prudente agir como se a pandemia j\u00e1 tivesse passado. Segundo ele, \u00e9 preciso avaliar melhor os n\u00fameros da Covid-19 local, nacional e internacionalmente para tomar as decis\u00f5es. Ele far\u00e1 um pronunciamento nesta sexta-feira (11), quando apresentar\u00e1 os n\u00fameros da pandemia no estado.<\/p>\n<p>\u201cEu acredito que n\u00e3o \u00e9 prudente agir arrojadamente, querer tratar a pandemia como se ela j\u00e1 tivesse ido, porque ela ainda n\u00e3o foi; ent\u00e3o vamos manter a capital na fase azul, o interior na fase amarela e aguardar mais alguns dias\u201d, acrescentou.<\/p>\n<p>&nbsp;<\/p>\n<p><strong>Fonte: Ag\u00eancia Alagoas<\/strong><\/p>\n<p>&nbsp;<\/p>\n","protected":false},"excerpt":{"rendered":"<p>O governador Renan Filho afirmou, na manh\u00e3 desta quinta-feira (10), que Macei\u00f3 e o interior do estado v\u00e3o permanecer nas fases azul e amarela, respectivamente, dentro do Plano de Distanciamento Social Controlado estabelecido pelo Governo do Estado para o enfrentamento da Covid-19 em Alagoas. O an\u00fancio foi feito durante entrevista coletiva, no Pal\u00e1cio Rep\u00fablica dos &hellip;<\/p>\n","protected":false},"author":1,"featured_media":9304,"comment_status":"open","ping_status":"open","sticky":false,"template":"","format":"standard","meta":{"_jetpack_memberships_contains_paid_content":false,"footnotes":""},"categories":[1],"tags":[],"class_list":["post-9303","post","type-post","status-publish","format-standard","has-post-thumbnail","hentry","category-destaque"],"jetpack_featured_media_url":"","jetpack_sharing_enabled":true,"_links":{"self":[{"href":"https:\/\/www.oparanews.com.br\/index.php\/wp-json\/wp\/v2\/posts\/9303","targetHints":{"allow":["GET"]}}],"collection":[{"href":"https:\/\/www.oparanews.com.br\/index.php\/wp-json\/wp\/v2\/posts"}],"about":[{"href":"https:\/\/www.oparanews.com.br\/index.php\/wp-json\/wp\/v2\/types\/post"}],"author":[{"embeddable":true,"href":"https:\/\/www.oparanews.com.br\/index.php\/wp-json\/wp\/v2\/users\/1"}],"replies":[{"embeddable":true,"href":"https:\/\/www.oparanews.com.br\/index.php\/wp-json\/wp\/v2\/comments?post=9303"}],"version-history":[{"count":0,"href":"https:\/\/www.oparanews.com.br\/index.php\/wp-json\/wp\/v2\/posts\/9303\/revisions"}],"wp:featuredmedia":[{"embeddable":true,"href":"https:\/\/www.oparanews.com.br\/index.php\/wp-json\/"}],"wp:attachment":[{"href":"https:\/\/www.oparanews.com.br\/index.php\/wp-json\/wp\/v2\/media?parent=9303"}],"wp:term":[{"taxonomy":"category","embeddable":true,"href":"https:\/\/www.oparanews.com.br\/index.php\/wp-json\/wp\/v2\/categories?post=9303"},{"taxonomy":"post_tag","embeddable":true,"href":"https:\/\/www.oparanews.com.br\/index.php\/wp-json\/wp\/v2\/tags?post=9303"}],"curies":[{"name":"wp","href":"https:\/\/api.w.org\/{rel}","templated":true}]}}