{"id":9312,"date":"2020-09-11T14:40:22","date_gmt":"2020-09-11T14:40:22","guid":{"rendered":"https:\/\/oparanews.com.br\/?p=9312"},"modified":"2020-09-11T14:40:22","modified_gmt":"2020-09-11T14:40:22","slug":"tarcisio-e-gloria-sao-dispensados-da-globo-apos-53-anos","status":"publish","type":"post","link":"https:\/\/www.oparanews.com.br\/index.php\/2020\/09\/11\/tarcisio-e-gloria-sao-dispensados-da-globo-apos-53-anos\/","title":{"rendered":"Tarc\u00edsio e Gl\u00f3ria s\u00e3o dispensados da Globo ap\u00f3s 53 anos"},"content":{"rendered":"<p>Tarc\u00edsio Meira e Gl\u00f3ria Menezes, um dos casais mais tradicionais das novelas brasileiras e na vida real, foram dispensados da TV Globo. A emissora decidiu n\u00e3o renovar o contrato dos atores em 2020. A nota oficial n\u00e3o menciona a palavra demiss\u00e3o. &#8220;Tarc\u00edsio e Gl\u00f3ria, com quem tivemos uma longa parceria de sucesso, t\u00eam abertas as portas para projetos em nossas m\u00faltiplas plataformas. Nos \u00faltimos anos, temos tomado uma s\u00e9rie de iniciativas para preparar a empresa para os desafios do futuro. Com isso, temos evolu\u00eddo nos nossos modelos de gest\u00e3o, de cria\u00e7\u00e3o, de produ\u00e7\u00e3o e de desenvolvimento de neg\u00f3cios. Em sintonia com as transforma\u00e7\u00f5es do mercado, a Globo vem adotando novas din\u00e2micas com seus talentos&#8221;, diz o comunicado divulgado pela colunista Patr\u00edcia Kogut.<\/p>\n<p>O casal estreou na Globo em 1967, com a novela Sangue e Areia, de Janete Clair. Assim como outras estrelas da emissora que n\u00e3o tiveram contrato renovado, Tarc\u00edsio e Gl\u00f3ria podem trabalhar na empresa, mas contratados apenas por obra certa, sem v\u00ednculo de longo prazo.<\/p>\n<p>Gl\u00f3ria Menezes completa 86 anos em outubro e est\u00e1 no ar com a reprise da novela Totalmente Demais, de 2015. Tarc\u00edsio Meira, de 84 anos, interpretou o \u00faltimo papel na Globo em Orgulho e Paix\u00e3o, h\u00e1 dois anos, com o personagem Lorde Williamson. Ele teve infec\u00e7\u00e3o pulmonar na \u00e9poca e deixou as grava\u00e7\u00f5es quatro meses antes do previsto.<\/p>\n<p>Neste ano, Renato Arag\u00e3o tamb\u00e9m n\u00e3o teve o contrato renovado com a emissora ap\u00f3s 44 anos de casa. O ator e diretor Miguel Falabella, que tinha 38 anos de empresa, foi dispensado do quadro fixo de artistas.<\/p>\n<p>&nbsp;<\/p>\n<p><strong>Fonte: Terra<\/strong><\/p>\n<p>&nbsp;<\/p>\n","protected":false},"excerpt":{"rendered":"<p>Tarc\u00edsio Meira e Gl\u00f3ria Menezes, um dos casais mais tradicionais das novelas brasileiras e na vida real, foram dispensados da TV Globo. A emissora decidiu n\u00e3o renovar o contrato dos atores em 2020. A nota oficial n\u00e3o menciona a palavra demiss\u00e3o. &#8220;Tarc\u00edsio e Gl\u00f3ria, com quem tivemos uma longa parceria de sucesso, t\u00eam abertas as &hellip;<\/p>\n","protected":false},"author":1,"featured_media":9313,"comment_status":"open","ping_status":"open","sticky":false,"template":"","format":"standard","meta":{"_jetpack_newsletter_access":"","_jetpack_dont_email_post_to_subs":false,"_jetpack_newsletter_tier_id":0,"_jetpack_memberships_contains_paywalled_content":false,"_jetpack_memberships_contains_paid_content":false,"footnotes":""},"categories":[1],"tags":[],"class_list":["post-9312","post","type-post","status-publish","format-standard","has-post-thumbnail","hentry","category-destaque"],"jetpack_sharing_enabled":true,"jetpack_featured_media_url":"","_links":{"self":[{"href":"https:\/\/www.oparanews.com.br\/index.php\/wp-json\/wp\/v2\/posts\/9312","targetHints":{"allow":["GET"]}}],"collection":[{"href":"https:\/\/www.oparanews.com.br\/index.php\/wp-json\/wp\/v2\/posts"}],"about":[{"href":"https:\/\/www.oparanews.com.br\/index.php\/wp-json\/wp\/v2\/types\/post"}],"author":[{"embeddable":true,"href":"https:\/\/www.oparanews.com.br\/index.php\/wp-json\/wp\/v2\/users\/1"}],"replies":[{"embeddable":true,"href":"https:\/\/www.oparanews.com.br\/index.php\/wp-json\/wp\/v2\/comments?post=9312"}],"version-history":[{"count":0,"href":"https:\/\/www.oparanews.com.br\/index.php\/wp-json\/wp\/v2\/posts\/9312\/revisions"}],"wp:attachment":[{"href":"https:\/\/www.oparanews.com.br\/index.php\/wp-json\/wp\/v2\/media?parent=9312"}],"wp:term":[{"taxonomy":"category","embeddable":true,"href":"https:\/\/www.oparanews.com.br\/index.php\/wp-json\/wp\/v2\/categories?post=9312"},{"taxonomy":"post_tag","embeddable":true,"href":"https:\/\/www.oparanews.com.br\/index.php\/wp-json\/wp\/v2\/tags?post=9312"}],"curies":[{"name":"wp","href":"https:\/\/api.w.org\/{rel}","templated":true}]}}