{"id":9324,"date":"2020-09-11T14:47:48","date_gmt":"2020-09-11T14:47:48","guid":{"rendered":"https:\/\/oparanews.com.br\/?p=9324"},"modified":"2020-09-11T14:47:48","modified_gmt":"2020-09-11T14:47:48","slug":"luisa-sonza-e-vitao-colocam-ponto-final-em-boatos-e-assumem-namoro","status":"publish","type":"post","link":"https:\/\/www.oparanews.com.br\/index.php\/2020\/09\/11\/luisa-sonza-e-vitao-colocam-ponto-final-em-boatos-e-assumem-namoro\/","title":{"rendered":"Luisa Sonza e Vit\u00e3o colocam ponto final em boatos e assumem namoro"},"content":{"rendered":"<p>Luisa Sonza e Vit\u00e3o decidiram acabar com as especula\u00e7\u00f5es e confirmaram o namoro. A cantora surpreendeu os seus seguidores, na noite desta quinta-feira (10), ao publicar uma sequ\u00eancia de fotos em que os dois aparecem em clima de romance.<\/p>\n<p>Sem legenda, a publica\u00e7\u00e3o da artista ganhou uma s\u00e9rie de coment\u00e1rios e elogios. Quem tamb\u00e9m reagiu na postagem foi o pr\u00f3prio Vit\u00e3o. \u201cNamorada gostosa\u201d, disparou o artista, que \u00e9 apontado como namorado da ex-esposa de Whindersson Nunes desde o lan\u00e7amento do clipe Flores.<\/p>\n<p>O famoso tamb\u00e9m publicou fotos dos dois juntos e n\u00e3o comentou nada a respeito. No Twitter, os nomes dele e de Luisa Sonza foram parar entre os assuntos mais comentados.<\/p>\n<p>Cabe lembrar que a separa\u00e7\u00e3o da cantora com Whindersson aconteceu no mesmo per\u00edodo em que ela come\u00e7ou a se aproximar de Vit\u00e3o, com quem lan\u00e7ou a m\u00fasica Flores no Dia dos Namorados deste ano. Dias atr\u00e1s, a cantora chegou a se declarar para o parceiro musical.<\/p>\n<p>Diretamente de Macei\u00f3, ela o chamou de \u201cmoz\u00e3o\u201d, ao admitir estar com saudades, e isso foi o suficiente para que os internautas come\u00e7assem a se questionar se eles haviam se assumido.<\/p>\n<p>\u201cVoc\u00ea t\u00e1 ao vivo ainda?\u201d, questionou ele. \u201cT\u00f4\u201d, respondeu Sonza. \u201cTodo mundo com seus respectivos moz\u00f5es\u201d, disse o m\u00fasico. \u201c\u00c9 isso, saudade do moz\u00e3o\u201d, afirmou Luisa.<\/p>\n<p>&nbsp;<\/p>\n<p><strong>Fonte: RD1<\/strong><\/p>\n<p>&nbsp;<\/p>\n","protected":false},"excerpt":{"rendered":"<p>Luisa Sonza e Vit\u00e3o decidiram acabar com as especula\u00e7\u00f5es e confirmaram o namoro. A cantora surpreendeu os seus seguidores, na noite desta quinta-feira (10), ao publicar uma sequ\u00eancia de fotos em que os dois aparecem em clima de romance. Sem legenda, a publica\u00e7\u00e3o da artista ganhou uma s\u00e9rie de coment\u00e1rios e elogios. Quem tamb\u00e9m reagiu &hellip;<\/p>\n","protected":false},"author":1,"featured_media":9325,"comment_status":"open","ping_status":"open","sticky":false,"template":"","format":"standard","meta":{"_jetpack_newsletter_access":"","_jetpack_dont_email_post_to_subs":false,"_jetpack_newsletter_tier_id":0,"_jetpack_memberships_contains_paywalled_content":false,"_jetpack_memberships_contains_paid_content":false,"footnotes":""},"categories":[1],"tags":[],"class_list":["post-9324","post","type-post","status-publish","format-standard","has-post-thumbnail","hentry","category-destaque"],"jetpack_sharing_enabled":true,"jetpack_featured_media_url":"","_links":{"self":[{"href":"https:\/\/www.oparanews.com.br\/index.php\/wp-json\/wp\/v2\/posts\/9324","targetHints":{"allow":["GET"]}}],"collection":[{"href":"https:\/\/www.oparanews.com.br\/index.php\/wp-json\/wp\/v2\/posts"}],"about":[{"href":"https:\/\/www.oparanews.com.br\/index.php\/wp-json\/wp\/v2\/types\/post"}],"author":[{"embeddable":true,"href":"https:\/\/www.oparanews.com.br\/index.php\/wp-json\/wp\/v2\/users\/1"}],"replies":[{"embeddable":true,"href":"https:\/\/www.oparanews.com.br\/index.php\/wp-json\/wp\/v2\/comments?post=9324"}],"version-history":[{"count":0,"href":"https:\/\/www.oparanews.com.br\/index.php\/wp-json\/wp\/v2\/posts\/9324\/revisions"}],"wp:attachment":[{"href":"https:\/\/www.oparanews.com.br\/index.php\/wp-json\/wp\/v2\/media?parent=9324"}],"wp:term":[{"taxonomy":"category","embeddable":true,"href":"https:\/\/www.oparanews.com.br\/index.php\/wp-json\/wp\/v2\/categories?post=9324"},{"taxonomy":"post_tag","embeddable":true,"href":"https:\/\/www.oparanews.com.br\/index.php\/wp-json\/wp\/v2\/tags?post=9324"}],"curies":[{"name":"wp","href":"https:\/\/api.w.org\/{rel}","templated":true}]}}