{"id":9329,"date":"2020-09-11T19:14:03","date_gmt":"2020-09-11T19:14:03","guid":{"rendered":"https:\/\/oparanews.com.br\/?p=9329"},"modified":"2020-09-11T19:14:03","modified_gmt":"2020-09-11T19:14:03","slug":"fred-do-fluminense-testa-positivo-para-covid-19","status":"publish","type":"post","link":"https:\/\/www.oparanews.com.br\/index.php\/2020\/09\/11\/fred-do-fluminense-testa-positivo-para-covid-19\/","title":{"rendered":"Fred, do Fluminense, testa positivo para Covid-19"},"content":{"rendered":"<p>O Fluminense informou, na tarde desta sexta-feira, que o atacante Fred testou positivo para Covid-19. O centroavante, assim como o restante do elenco tricolor, realizou exame nesta quinta, j\u00e1 em bateria v\u00e1lida para a 10\u00aa rodada do Campeonato Brasileiro.<\/p>\n<p>No \u00faltimo final de semana, ap\u00f3s a esposa do atacante ter testado positivo para coronav\u00edrus, o Fluminense, por seguran\u00e7a, afastou o atleta do restante do grupo. Ele, inclusive, sequer viajou para enfrentar o S\u00e3o Paulo. Na ocasi\u00e3o, ele testou negativo (em exame realizado no \u00faltimo s\u00e1bado).<\/p>\n<p>Na segunda e quarta-feira, Fred voltou a fazer exames e, novamente, testou negativo em ambos, o que garantiu que estivesse no cl\u00e1ssico contra o Flamengo, quarta, no Maracan\u00e3.<\/p>\n<p>Com isso, Fred desfalcar\u00e1 o Fluminense contra o Corinthians, neste domingo, \u00e0s 16h (de Bras\u00edlia), no Maracan\u00e3. Com a sa\u00edda de Evanilson e sem o camisa 9, Odair novamente ter\u00e1 que quebrar a cabe\u00e7a para escalar o ataque tricolor. No Fla-Flu, o treinador optou por Wellington Silva e Fernando Pacheco pelas pontas, e Nen\u00ea de falso 9.<\/p>\n<p>&nbsp;<\/p>\n<p><strong>Fonte: Globoesporte<\/strong><\/p>\n<p>&nbsp;<\/p>\n","protected":false},"excerpt":{"rendered":"<p>O Fluminense informou, na tarde desta sexta-feira, que o atacante Fred testou positivo para Covid-19. O centroavante, assim como o restante do elenco tricolor, realizou exame nesta quinta, j\u00e1 em bateria v\u00e1lida para a 10\u00aa rodada do Campeonato Brasileiro. No \u00faltimo final de semana, ap\u00f3s a esposa do atacante ter testado positivo para coronav\u00edrus, o &hellip;<\/p>\n","protected":false},"author":1,"featured_media":9330,"comment_status":"open","ping_status":"open","sticky":false,"template":"","format":"standard","meta":{"_jetpack_newsletter_access":"","_jetpack_dont_email_post_to_subs":false,"_jetpack_newsletter_tier_id":0,"_jetpack_memberships_contains_paywalled_content":false,"_jetpack_memberships_contains_paid_content":false,"footnotes":""},"categories":[1],"tags":[],"class_list":["post-9329","post","type-post","status-publish","format-standard","has-post-thumbnail","hentry","category-destaque"],"jetpack_sharing_enabled":true,"jetpack_featured_media_url":"","_links":{"self":[{"href":"https:\/\/www.oparanews.com.br\/index.php\/wp-json\/wp\/v2\/posts\/9329","targetHints":{"allow":["GET"]}}],"collection":[{"href":"https:\/\/www.oparanews.com.br\/index.php\/wp-json\/wp\/v2\/posts"}],"about":[{"href":"https:\/\/www.oparanews.com.br\/index.php\/wp-json\/wp\/v2\/types\/post"}],"author":[{"embeddable":true,"href":"https:\/\/www.oparanews.com.br\/index.php\/wp-json\/wp\/v2\/users\/1"}],"replies":[{"embeddable":true,"href":"https:\/\/www.oparanews.com.br\/index.php\/wp-json\/wp\/v2\/comments?post=9329"}],"version-history":[{"count":0,"href":"https:\/\/www.oparanews.com.br\/index.php\/wp-json\/wp\/v2\/posts\/9329\/revisions"}],"wp:attachment":[{"href":"https:\/\/www.oparanews.com.br\/index.php\/wp-json\/wp\/v2\/media?parent=9329"}],"wp:term":[{"taxonomy":"category","embeddable":true,"href":"https:\/\/www.oparanews.com.br\/index.php\/wp-json\/wp\/v2\/categories?post=9329"},{"taxonomy":"post_tag","embeddable":true,"href":"https:\/\/www.oparanews.com.br\/index.php\/wp-json\/wp\/v2\/tags?post=9329"}],"curies":[{"name":"wp","href":"https:\/\/api.w.org\/{rel}","templated":true}]}}