{"id":9332,"date":"2020-09-13T00:26:54","date_gmt":"2020-09-13T00:26:54","guid":{"rendered":"https:\/\/oparanews.com.br\/?p=9332"},"modified":"2020-09-13T00:26:54","modified_gmt":"2020-09-13T00:26:54","slug":"alagoas-confirma-588-novos-casos-e-mais-sete-mortes-por-covid-19","status":"publish","type":"post","link":"https:\/\/www.oparanews.com.br\/index.php\/2020\/09\/13\/alagoas-confirma-588-novos-casos-e-mais-sete-mortes-por-covid-19\/","title":{"rendered":"Alagoas confirma 588 novos casos e mais sete mortes por Covid-19"},"content":{"rendered":"<p>Alagoas voltou a registrar n\u00famero alto de casos de Covid-19. Nas \u00faltimas 24 horas, foram confirmados 588 novos casos e sete mortes causadas pela doen\u00e7a, segundo boletim epidemiol\u00f3gico deste s\u00e1bado (12). Com a atualiza\u00e7\u00e3o dos dados, o estado tem ao todo 82.028 casos confirmados e 1.972 \u00f3bitos por Covid-19.<\/p>\n<p>H\u00e1 semanas, Alagoas n\u00e3o registrava um n\u00famero di\u00e1rio de casos confirmados t\u00e3o alto. O boletim di\u00e1rio de quinta-feira (11) tinha 210 novos casos de Covid-19.<\/p>\n<p>O estado tem tamb\u00e9m 2.278 casos suspeitos. Entre os que tiveram a doen\u00e7a confirmada, 78.642 est\u00e3o recuperados.<\/p>\n<p>Leitos de Covid-19<\/p>\n<p>A taxa de ocupa\u00e7\u00e3o de leitos exclusivos para Covid-19 era de 16% nessa sexta (11), dia da \u00faltima atualiza\u00e7\u00e3o. Considerando apenas os leitos de UTI, a ocupa\u00e7\u00e3o era de 36%.<\/p>\n<p>Mais sete mortes por Covid-19<\/p>\n<p>Macei\u00f3: Homem, 82 anos \u2013 sem comorbidades<br \/>\nMacei\u00f3: Homem, 57 anos \u2013 apresentou dificuldade respirat\u00f3ria<br \/>\nMacei\u00f3: Mulher, 56 anos \u2013 doen\u00e7a renal cr\u00f4nica, diabetes e hipertens\u00e3o<br \/>\nMacei\u00f3: Homem, 78 anos \u2013 sem comorbidades<br \/>\nBoca da Mata Mulher, 69 anos \u2013 diabetes<br \/>\nPilar: Mulher, 95 anos \u2013 doen\u00e7a cardiovascular<br \/>\nS\u00e3o Sebasti\u00e3o: Homem, 67 anos \u2013 diab\u00e9tico<\/p>\n<p>&nbsp;<\/p>\n<p><strong>Fonte: G1\/AL<\/strong><\/p>\n<p>&nbsp;<\/p>\n","protected":false},"excerpt":{"rendered":"<p>Alagoas voltou a registrar n\u00famero alto de casos de Covid-19. Nas \u00faltimas 24 horas, foram confirmados 588 novos casos e sete mortes causadas pela doen\u00e7a, segundo boletim epidemiol\u00f3gico deste s\u00e1bado (12). Com a atualiza\u00e7\u00e3o dos dados, o estado tem ao todo 82.028 casos confirmados e 1.972 \u00f3bitos por Covid-19. H\u00e1 semanas, Alagoas n\u00e3o registrava um &hellip;<\/p>\n","protected":false},"author":1,"featured_media":9333,"comment_status":"open","ping_status":"open","sticky":false,"template":"","format":"standard","meta":{"_jetpack_newsletter_access":"","_jetpack_dont_email_post_to_subs":false,"_jetpack_newsletter_tier_id":0,"_jetpack_memberships_contains_paywalled_content":false,"_jetpack_memberships_contains_paid_content":false,"footnotes":""},"categories":[1],"tags":[],"class_list":["post-9332","post","type-post","status-publish","format-standard","has-post-thumbnail","hentry","category-destaque"],"jetpack_sharing_enabled":true,"jetpack_featured_media_url":"","_links":{"self":[{"href":"https:\/\/www.oparanews.com.br\/index.php\/wp-json\/wp\/v2\/posts\/9332","targetHints":{"allow":["GET"]}}],"collection":[{"href":"https:\/\/www.oparanews.com.br\/index.php\/wp-json\/wp\/v2\/posts"}],"about":[{"href":"https:\/\/www.oparanews.com.br\/index.php\/wp-json\/wp\/v2\/types\/post"}],"author":[{"embeddable":true,"href":"https:\/\/www.oparanews.com.br\/index.php\/wp-json\/wp\/v2\/users\/1"}],"replies":[{"embeddable":true,"href":"https:\/\/www.oparanews.com.br\/index.php\/wp-json\/wp\/v2\/comments?post=9332"}],"version-history":[{"count":0,"href":"https:\/\/www.oparanews.com.br\/index.php\/wp-json\/wp\/v2\/posts\/9332\/revisions"}],"wp:attachment":[{"href":"https:\/\/www.oparanews.com.br\/index.php\/wp-json\/wp\/v2\/media?parent=9332"}],"wp:term":[{"taxonomy":"category","embeddable":true,"href":"https:\/\/www.oparanews.com.br\/index.php\/wp-json\/wp\/v2\/categories?post=9332"},{"taxonomy":"post_tag","embeddable":true,"href":"https:\/\/www.oparanews.com.br\/index.php\/wp-json\/wp\/v2\/tags?post=9332"}],"curies":[{"name":"wp","href":"https:\/\/api.w.org\/{rel}","templated":true}]}}