{"id":9344,"date":"2020-09-13T00:46:15","date_gmt":"2020-09-13T00:46:15","guid":{"rendered":"https:\/\/oparanews.com.br\/?p=9344"},"modified":"2020-09-13T00:46:15","modified_gmt":"2020-09-13T00:46:15","slug":"praias-voltam-ficar-lotadas-no-rio-e-em-sao-paulo","status":"publish","type":"post","link":"https:\/\/www.oparanews.com.br\/index.php\/2020\/09\/13\/praias-voltam-ficar-lotadas-no-rio-e-em-sao-paulo\/","title":{"rendered":"Praias voltam ficar lotadas no Rio e em S\u00e3o Paulo"},"content":{"rendered":"<p>Sob sol intenso, calor de 31\u00b0C e sensa\u00e7\u00e3o t\u00e9rmica ainda maior, as praias da zona sul do Rio de Janeiro lotaram novamente neste s\u00e1bado, 12, embora menos do que no final de semana anterior, que emendou com o feriado da Independ\u00eancia do Brasil e permitiu que, com tr\u00eas dias de folga, mais turistas visitassem ao Rio.<\/p>\n<p>Mesmo com menos gente, a aglomera\u00e7\u00e3o voltou a acontecer neste s\u00e1bado pelo menos nas praias de Copacabana e Ipanema. Desde mar\u00e7o est\u00e1 proibido permanecer na areia das praias do Rio, e a prefeitura alega que tem fiscalizado regularmente os locais. Mas o Estad\u00e3o n\u00e3o encontrou nenhuma fiscaliza\u00e7\u00e3o enquanto circulou por essas praias, das 14h30 \u00e0s 15h15 deste s\u00e1bado. Procurada, a prefeitura n\u00e3o se manifestou.<\/p>\n<p>Na sexta-feira, o prefeito Marcelo Crivella cogitou liberar o acesso do p\u00fablico aos est\u00e1dios, em jogos de futebol, como forma de reduzir a lota\u00e7\u00e3o das praias. Por enquanto, os jogos de futebol t\u00eam acontecido sem torcida. &#8220;Nossa esperan\u00e7a \u00e9 que as pessoas, indo para os est\u00e1dios no domingo, n\u00e3o v\u00e3o para a praia. Estamos tentando combinar, at\u00e9 antecipar os hor\u00e1rios dos jogos um pouco. No est\u00e1dio tem espa\u00e7amento e todos de m\u00e1scara direitinho&#8221;, afirmou o prefeito. A ideia da prefeitura \u00e9 que o Maracan\u00e3, que tem capacidade para quase 79 mil pessoas, fique limitado a receber de 10 mil a 12 mil lugares &#8211; cerca de 15% da lota\u00e7\u00e3o. Mas essa proposta ainda est\u00e1 em an\u00e1lise.<\/p>\n<p>Outra medida anunciada na sexta-feira pelo prefeito para tentar reduzir o n\u00famero de banhistas foi a proibi\u00e7\u00e3o de estacionamento de autom\u00f3veis ao longo de toda a orla do munic\u00edpio, aos s\u00e1bados, domingos e feriados. Nada capaz de impedir a aglomera\u00e7\u00e3o que se repetiu neste s\u00e1bado.<\/p>\n<p>Praias cheias tamb\u00e9m no litoral de S\u00e3o Paulo<\/p>\n<p>Com previs\u00e3o de temperatura na casa dos 35\u00baC, turistas e moradores de Santos e Guaruj\u00e1 tamb\u00e9m decidiram ir \u00e0s praias neste fim de semana.<\/p>\n<p>Em Santos, moradores e turistas foram \u00e0s praias, muitos apenas para caminhar na beira d\u00b4\u00e1gua, j\u00e1 que est\u00e3o proibidos os guarda-s\u00f3is e cadeiras na areia. Mas alguns descumpriram a regra e se concentravam principalmente nas \u00e1reas onde est\u00e3o os coqueiros ou perto dos jardins. Ambulantes n\u00e3o podem colocar carrinhos na areia.<\/p>\n<p>No in\u00edcio da tarde, Nat\u00e1lia Kariny Medanha Ventura aproveitava a praia na companhia da filha Marjorie, de 12 anos, e do sobrinho Gustavo, 7. Moradora de Salvador, ela est\u00e1 em Santos para visitar os pais. &#8220;Olha, eu vi muita gente sem m\u00e1scara hoje. Eu e as pessoas que est\u00e3o comigo estamos usando. Acho que nessa hora o mais importante \u00e9 cada um fazer sua parte&#8221;, disse.<\/p>\n<p>Muita gente na praia n\u00e3o usava m\u00e1scara e preferiu n\u00e3o falar sobre regras de distanciamento. Ao serem abordados pelo Estad\u00e3o, um grupo com dois homens, duas mulheres e uma crian\u00e7a, todos da mesma fam\u00edlia e que conversavam tranquilamente embaixo de um coqueiro, na areia da praia, encerraram a conversa e n\u00e3o quiseram dar entrevista.<\/p>\n<p>A Prefeitura de Santos informou que, durante a manh\u00e3 deste s\u00e1bado, a Guarda Civil Municipal realizou 898 abordagens na orla da praia, sendo 391 relacionadas a orienta\u00e7\u00f5es para uso obrigat\u00f3rio de m\u00e1scara, 501 a respeito do uso da faixa de areia e seis referentes \u00e0 presen\u00e7a de animais (c\u00e3es) na praia. N\u00e3o houve aplica\u00e7\u00e3o de multas ou registro de problemas nas abordagens.<\/p>\n<p>Na Praia de Pitangueiras, guarda-s\u00f3is e grupos dominavam a faixa de areia e pouca gente usava m\u00e1scara. A prefeitura informou que fiscais percorreram as principais praias para verificar poss\u00edveis irregularidades em rela\u00e7\u00e3o a ambulantes e quiosqueiros. A atividade est\u00e1 liberada no munic\u00edpio, mas os profissionais devem seguir protocolos de higiene.<\/p>\n<p>At\u00e9 \u00e0s 13 horas deste s\u00e1bado foram atendidas 30 ocorr\u00eancias referentes \u00e0 disposi\u00e7\u00e3o de mesas, cadeiras e guarda-s\u00f3is na faixa de areia. Tais itens foram proibidos por meio do decreto 13.814, publicado em 25 de julho no Di\u00e1rio Oficial do Munic\u00edpio.<\/p>\n<p>A equipe de fiscaliza\u00e7\u00e3o aplicou advert\u00eancia nos ambulantes que descumpriram as regras estabelecidas e os infratores, por sua vez, foram obrigados a retirar os equipamentos da praia. No caso de reincid\u00eancia, poder\u00e3o ter o alvar\u00e1 ou licen\u00e7a de funcionamento cassadas. Em todas as abordagens realizadas pelas equipes da Prefeitura, as pessoas que n\u00e3o faziam uso de m\u00e1scara, atenderam \u00e0s recomenda\u00e7\u00f5es e colocaram o equipamento de prote\u00e7\u00e3o.<\/p>\n<p>&nbsp;<\/p>\n<p><strong>Fonte: Terra<\/strong><\/p>\n<p>&nbsp;<\/p>\n","protected":false},"excerpt":{"rendered":"<p>Sob sol intenso, calor de 31\u00b0C e sensa\u00e7\u00e3o t\u00e9rmica ainda maior, as praias da zona sul do Rio de Janeiro lotaram novamente neste s\u00e1bado, 12, embora menos do que no final de semana anterior, que emendou com o feriado da Independ\u00eancia do Brasil e permitiu que, com tr\u00eas dias de folga, mais turistas visitassem ao &hellip;<\/p>\n","protected":false},"author":1,"featured_media":9345,"comment_status":"open","ping_status":"open","sticky":false,"template":"","format":"standard","meta":{"_jetpack_newsletter_access":"","_jetpack_dont_email_post_to_subs":false,"_jetpack_newsletter_tier_id":0,"_jetpack_memberships_contains_paywalled_content":false,"_jetpack_memberships_contains_paid_content":false,"footnotes":""},"categories":[1],"tags":[],"class_list":["post-9344","post","type-post","status-publish","format-standard","has-post-thumbnail","hentry","category-destaque"],"jetpack_sharing_enabled":true,"jetpack_featured_media_url":"","_links":{"self":[{"href":"https:\/\/www.oparanews.com.br\/index.php\/wp-json\/wp\/v2\/posts\/9344","targetHints":{"allow":["GET"]}}],"collection":[{"href":"https:\/\/www.oparanews.com.br\/index.php\/wp-json\/wp\/v2\/posts"}],"about":[{"href":"https:\/\/www.oparanews.com.br\/index.php\/wp-json\/wp\/v2\/types\/post"}],"author":[{"embeddable":true,"href":"https:\/\/www.oparanews.com.br\/index.php\/wp-json\/wp\/v2\/users\/1"}],"replies":[{"embeddable":true,"href":"https:\/\/www.oparanews.com.br\/index.php\/wp-json\/wp\/v2\/comments?post=9344"}],"version-history":[{"count":0,"href":"https:\/\/www.oparanews.com.br\/index.php\/wp-json\/wp\/v2\/posts\/9344\/revisions"}],"wp:attachment":[{"href":"https:\/\/www.oparanews.com.br\/index.php\/wp-json\/wp\/v2\/media?parent=9344"}],"wp:term":[{"taxonomy":"category","embeddable":true,"href":"https:\/\/www.oparanews.com.br\/index.php\/wp-json\/wp\/v2\/categories?post=9344"},{"taxonomy":"post_tag","embeddable":true,"href":"https:\/\/www.oparanews.com.br\/index.php\/wp-json\/wp\/v2\/tags?post=9344"}],"curies":[{"name":"wp","href":"https:\/\/api.w.org\/{rel}","templated":true}]}}