{"id":9356,"date":"2020-09-13T18:20:24","date_gmt":"2020-09-13T18:20:24","guid":{"rendered":"https:\/\/oparanews.com.br\/?p=9356"},"modified":"2020-09-13T18:20:24","modified_gmt":"2020-09-13T18:20:24","slug":"apos-buscas-corpo-e-encontrado-em-passo-de-camaragibe","status":"publish","type":"post","link":"https:\/\/www.oparanews.com.br\/index.php\/2020\/09\/13\/apos-buscas-corpo-e-encontrado-em-passo-de-camaragibe\/","title":{"rendered":"Ap\u00f3s buscas, corpo \u00e9 encontrado em Passo de Camaragibe"},"content":{"rendered":"<p>Ap\u00f3s horas de buscas, militares do Corpo de Bombeiros (CB) resgataram o corpo de uma pessoa que havia desaparecido durante um passeio de lancha em Passo de Camaragibe, regi\u00e3o Norte do estado. O corpo foi encontrado na noite desse s\u00e1bado (12), na Praia do Marceneiro, no mesmo munic\u00edpio.<\/p>\n<p>De acordo com as \u00faltimas informa\u00e7\u00f5es da corpora\u00e7\u00e3o, depois do resgate, o corpo foi levado para Barra de Santo Ant\u00f4nio, a fim de ser recolhido pelo Instituto M\u00e9dico Legal (IML), para o exame de necropsia. Os detalhes, no entanto, n\u00e3o foram passados pelas equipes.<\/p>\n<p>Os militares foram acionados, ainda na tarde de ontem, para a ocorr\u00eancia. De acordo com informa\u00e7\u00f5es preliminares, duas pessoas estavam em uma lancha, quando uma delas desapareceu.<\/p>\n<p>Conforme a assessoria do CB, n\u00e3o foi poss\u00edvel saber se a v\u00edtima caiu da embarca\u00e7\u00e3o ou se desceu para nadar ou mergulhar e n\u00e3o retornou. A identidade da v\u00edtima n\u00e3o foi divulgada.<\/p>\n<p>A equipe de mergulho, com tr\u00eas viaturas e sete militares, e o helic\u00f3ptero Falc\u00e3o 01, foram deslocados \u00e0 ocorr\u00eancia.<\/p>\n<p>&nbsp;<\/p>\n<p><strong>Fonte: Gazetaweb<\/strong><\/p>\n<p>&nbsp;<\/p>\n","protected":false},"excerpt":{"rendered":"<p>Ap\u00f3s horas de buscas, militares do Corpo de Bombeiros (CB) resgataram o corpo de uma pessoa que havia desaparecido durante um passeio de lancha em Passo de Camaragibe, regi\u00e3o Norte do estado. O corpo foi encontrado na noite desse s\u00e1bado (12), na Praia do Marceneiro, no mesmo munic\u00edpio. De acordo com as \u00faltimas informa\u00e7\u00f5es da &hellip;<\/p>\n","protected":false},"author":1,"featured_media":9357,"comment_status":"open","ping_status":"open","sticky":false,"template":"","format":"standard","meta":{"_jetpack_newsletter_access":"","_jetpack_dont_email_post_to_subs":false,"_jetpack_newsletter_tier_id":0,"_jetpack_memberships_contains_paywalled_content":false,"_jetpack_memberships_contains_paid_content":false,"footnotes":""},"categories":[1],"tags":[],"class_list":["post-9356","post","type-post","status-publish","format-standard","has-post-thumbnail","hentry","category-destaque"],"jetpack_sharing_enabled":true,"jetpack_featured_media_url":"","_links":{"self":[{"href":"https:\/\/www.oparanews.com.br\/index.php\/wp-json\/wp\/v2\/posts\/9356","targetHints":{"allow":["GET"]}}],"collection":[{"href":"https:\/\/www.oparanews.com.br\/index.php\/wp-json\/wp\/v2\/posts"}],"about":[{"href":"https:\/\/www.oparanews.com.br\/index.php\/wp-json\/wp\/v2\/types\/post"}],"author":[{"embeddable":true,"href":"https:\/\/www.oparanews.com.br\/index.php\/wp-json\/wp\/v2\/users\/1"}],"replies":[{"embeddable":true,"href":"https:\/\/www.oparanews.com.br\/index.php\/wp-json\/wp\/v2\/comments?post=9356"}],"version-history":[{"count":0,"href":"https:\/\/www.oparanews.com.br\/index.php\/wp-json\/wp\/v2\/posts\/9356\/revisions"}],"wp:attachment":[{"href":"https:\/\/www.oparanews.com.br\/index.php\/wp-json\/wp\/v2\/media?parent=9356"}],"wp:term":[{"taxonomy":"category","embeddable":true,"href":"https:\/\/www.oparanews.com.br\/index.php\/wp-json\/wp\/v2\/categories?post=9356"},{"taxonomy":"post_tag","embeddable":true,"href":"https:\/\/www.oparanews.com.br\/index.php\/wp-json\/wp\/v2\/tags?post=9356"}],"curies":[{"name":"wp","href":"https:\/\/api.w.org\/{rel}","templated":true}]}}