{"id":9382,"date":"2020-09-14T19:28:56","date_gmt":"2020-09-14T19:28:56","guid":{"rendered":"https:\/\/oparanews.com.br\/?p=9382"},"modified":"2020-09-14T19:28:56","modified_gmt":"2020-09-14T19:28:56","slug":"aprovacao-de-bolsonaro-supera-reprovacao-diz-xp-ipespe","status":"publish","type":"post","link":"https:\/\/www.oparanews.com.br\/index.php\/2020\/09\/14\/aprovacao-de-bolsonaro-supera-reprovacao-diz-xp-ipespe\/","title":{"rendered":"Aprova\u00e7\u00e3o de Bolsonaro supera reprova\u00e7\u00e3o, diz XP\/Ipespe"},"content":{"rendered":"<p>A aprova\u00e7\u00e3o do governo do presidente Jair Bolsonaro em setembro superou numericamente sua reprova\u00e7\u00e3o, o que n\u00e3o acontecia desde maio de 2019, apontou pesquisa XP\/Ipespe divulgada nesta segunda-feira (14).<\/p>\n<p>Segundo o levantamento, 39% dos entrevistados avaliam o governo como \u00f3timo ou bom, e 36% como ruim ou p\u00e9ssimo. Em agosto, a aprova\u00e7\u00e3o e a reprova\u00e7\u00e3o estavam empatadas em 37%. A margem de erro \u00e9 de 3,2 pontos percentuais e foram realizadas 1.000 entrevistas entre os dias 8 e 11 de setembro<\/p>\n<p>\u00c9 a quinta pesquisa consecutiva a mostrar o crescimento da aprova\u00e7\u00e3o do governo.<\/p>\n<p>O levantamento refor\u00e7a outra tend\u00eancia de aumento, relacionada \u00e0 pandemia de Covid-19. Os que consideram que &#8220;o pior j\u00e1 passou&#8221; atingiram os 60% em setembro, contra 52% em agosto. A tend\u00eancia havia sido identificada desde junho. &#8220;O pior ainda est\u00e1 por vir&#8221; recuou para 32% em setembro, contra 41% em agosto.<\/p>\n<p>A parcela dos que dizem estar &#8220;com muito medo&#8221; do surto de coronav\u00edrus passou de 33%, em agosto, para 30% na rodada de setembro. Os que dizem n\u00e3o ter medo do coronav\u00edrus oscilaram de 28% para 29%, enquanto aqueles que responderam ter &#8220;um pouco de medo&#8221; variaram de 38% para 40%.<\/p>\n<p>A maior parte dos entrevistados &#8211;52%&#8211; considera que uma vacina contra a doen\u00e7a estar\u00e1 dispon\u00edvel para a popula\u00e7\u00e3o nos primeiros 6 meses de 2021, enquanto 22% avaliam que ela s\u00f3 estar\u00e1 dispon\u00edvel no segundo semestre do pr\u00f3ximo ano. Outros 10% disseram acreditar que ela estar\u00e1 dispon\u00edvel ainda neste ano.<\/p>\n<p>Quando a pergunta \u00e9 sobre o enfrentamento \u00e0 crise por parte de Bolsonaro, tamb\u00e9m foi mantida a linha de alta entre os que consideram a a\u00e7\u00e3o do presidente \u00f3tima ou boa &#8212; a avalia\u00e7\u00e3o positiva nesse quesito subiu de 24% para 28%. Mas o resultado ainda \u00e9 bem inferior \u00e0 parcela da popula\u00e7\u00e3o que considera a atua\u00e7\u00e3o de Bolsonaro como ruim ou p\u00e9ssima, de 49% (oscilando 1 ponto para baixo em rela\u00e7\u00e3o a agosto).<\/p>\n<p>A pesquisa tamb\u00e9m perguntou sobre a reforma administrativa, recentemente enviada pelo governo ao Congresso no in\u00edcio do m\u00eas.<\/p>\n<p>Em compara\u00e7\u00e3o a novembro de 2019, \u00faltima vez em que o levantamento abordou o assunto, houve um aumento da fatia favor\u00e1vel \u00e0 flexibiliza\u00e7\u00e3o de regras de estabilidade do servidor p\u00fablico, que passou de 52% no ano passado para 56% em setembro deste ano. A fatia que defende a manuten\u00e7\u00e3o das atuais regras passou de 39% para 32%.<\/p>\n<p>Quando a pergunta \u00e9 sobre a economia do pa\u00eds, 48% responderam que ela est\u00e1 &#8220;no caminho errado&#8221;, enquanto 38% avaliam que ela est\u00e1 &#8220;no caminho certo&#8221;. Em agosto, 46% consideravam que ela estava no caminho errado e 38%, no certo.<\/p>\n<p>Sobre a decis\u00e3o de Bolsonaro de prorrogar o aux\u00edlio emergencial, mas no valor de 300 reais e n\u00e3o de 600 reais, 47% responderam ser &#8220;\u00f3tima&#8221; ou &#8220;boa&#8221;. Outros 24% avaliaram a decis\u00e3o como &#8220;regular&#8221; e 25% como &#8220;ruim\/p\u00e9ssima&#8221;.<\/p>\n<p>Quando o quesito \u00e9 avalia\u00e7\u00e3o de personalidades da pol\u00edtica, a pesquisa apontou queda na nota atribu\u00edda ao ex-ministro Sergio Moro, de 6,5 para 5,7, mas o ex-juiz da Lava Jato ainda tem numericamente a nota mais alta entre as personalidades citadas.<\/p>\n<p>O ex-ministro da Sa\u00fade, Luiz Henrique Mandetta aparece em segundo lugar com 5,5, ao lado do ministro da Economia, Paulo Guedes. Bolsonaro surge em quinto lugar, com 5,1, logo depois do vice-presidente Hamilton Mour\u00e3o, que ficou com 5,2.<\/p>\n<p>&nbsp;<\/p>\n<p><strong>Fonte: Terra<\/strong><\/p>\n<p>&nbsp;<\/p>\n","protected":false},"excerpt":{"rendered":"<p>A aprova\u00e7\u00e3o do governo do presidente Jair Bolsonaro em setembro superou numericamente sua reprova\u00e7\u00e3o, o que n\u00e3o acontecia desde maio de 2019, apontou pesquisa XP\/Ipespe divulgada nesta segunda-feira (14). Segundo o levantamento, 39% dos entrevistados avaliam o governo como \u00f3timo ou bom, e 36% como ruim ou p\u00e9ssimo. Em agosto, a aprova\u00e7\u00e3o e a reprova\u00e7\u00e3o &hellip;<\/p>\n","protected":false},"author":1,"featured_media":9383,"comment_status":"open","ping_status":"open","sticky":false,"template":"","format":"standard","meta":{"_jetpack_newsletter_access":"","_jetpack_dont_email_post_to_subs":false,"_jetpack_newsletter_tier_id":0,"_jetpack_memberships_contains_paywalled_content":false,"_jetpack_memberships_contains_paid_content":false,"footnotes":""},"categories":[1],"tags":[],"class_list":["post-9382","post","type-post","status-publish","format-standard","has-post-thumbnail","hentry","category-destaque"],"jetpack_sharing_enabled":true,"jetpack_featured_media_url":"","_links":{"self":[{"href":"https:\/\/www.oparanews.com.br\/index.php\/wp-json\/wp\/v2\/posts\/9382","targetHints":{"allow":["GET"]}}],"collection":[{"href":"https:\/\/www.oparanews.com.br\/index.php\/wp-json\/wp\/v2\/posts"}],"about":[{"href":"https:\/\/www.oparanews.com.br\/index.php\/wp-json\/wp\/v2\/types\/post"}],"author":[{"embeddable":true,"href":"https:\/\/www.oparanews.com.br\/index.php\/wp-json\/wp\/v2\/users\/1"}],"replies":[{"embeddable":true,"href":"https:\/\/www.oparanews.com.br\/index.php\/wp-json\/wp\/v2\/comments?post=9382"}],"version-history":[{"count":0,"href":"https:\/\/www.oparanews.com.br\/index.php\/wp-json\/wp\/v2\/posts\/9382\/revisions"}],"wp:attachment":[{"href":"https:\/\/www.oparanews.com.br\/index.php\/wp-json\/wp\/v2\/media?parent=9382"}],"wp:term":[{"taxonomy":"category","embeddable":true,"href":"https:\/\/www.oparanews.com.br\/index.php\/wp-json\/wp\/v2\/categories?post=9382"},{"taxonomy":"post_tag","embeddable":true,"href":"https:\/\/www.oparanews.com.br\/index.php\/wp-json\/wp\/v2\/tags?post=9382"}],"curies":[{"name":"wp","href":"https:\/\/api.w.org\/{rel}","templated":true}]}}