{"id":9391,"date":"2020-09-15T12:55:38","date_gmt":"2020-09-15T12:55:38","guid":{"rendered":"https:\/\/oparanews.com.br\/?p=9391"},"modified":"2020-09-15T12:55:38","modified_gmt":"2020-09-15T12:55:38","slug":"celular-pega-fogo-e-provoca-incendio-em-residencia","status":"publish","type":"post","link":"https:\/\/www.oparanews.com.br\/index.php\/2020\/09\/15\/celular-pega-fogo-e-provoca-incendio-em-residencia\/","title":{"rendered":"Celular pega fogo e provoca inc\u00eandio em resid\u00eancia"},"content":{"rendered":"<p>Um inc\u00eandio atingiu uma resid\u00eancia localizada na Rua da Paz, no bairro Vergel do Lago, em Macei\u00f3, na noite de segunda-feira (14). Segundo o Corpo de Bombeiros, n\u00e3o houve feridos.<\/p>\n<p>De acordo com os Bombeiros, o inc\u00eandio foi provocado por um celular que estava no colch\u00e3o de um dos c\u00f4modos da casa.<\/p>\n<p>O fogo foi controlado por testemunhas. Os militares avaliaram os riscos de novos focos e fizeram o rescaldo no local.<\/p>\n<p>&nbsp;<\/p>\n<p><strong>Fonte: G1\/AL<\/strong><\/p>\n<p>&nbsp;<\/p>\n","protected":false},"excerpt":{"rendered":"<p>Um inc\u00eandio atingiu uma resid\u00eancia localizada na Rua da Paz, no bairro Vergel do Lago, em Macei\u00f3, na noite de segunda-feira (14). Segundo o Corpo de Bombeiros, n\u00e3o houve feridos. De acordo com os Bombeiros, o inc\u00eandio foi provocado por um celular que estava no colch\u00e3o de um dos c\u00f4modos da casa. O fogo foi &hellip;<\/p>\n","protected":false},"author":1,"featured_media":9392,"comment_status":"open","ping_status":"open","sticky":false,"template":"","format":"standard","meta":{"_jetpack_newsletter_access":"","_jetpack_dont_email_post_to_subs":false,"_jetpack_newsletter_tier_id":0,"_jetpack_memberships_contains_paywalled_content":false,"_jetpack_memberships_contains_paid_content":false,"footnotes":""},"categories":[1],"tags":[],"class_list":["post-9391","post","type-post","status-publish","format-standard","has-post-thumbnail","hentry","category-destaque"],"jetpack_sharing_enabled":true,"jetpack_featured_media_url":"","_links":{"self":[{"href":"https:\/\/www.oparanews.com.br\/index.php\/wp-json\/wp\/v2\/posts\/9391","targetHints":{"allow":["GET"]}}],"collection":[{"href":"https:\/\/www.oparanews.com.br\/index.php\/wp-json\/wp\/v2\/posts"}],"about":[{"href":"https:\/\/www.oparanews.com.br\/index.php\/wp-json\/wp\/v2\/types\/post"}],"author":[{"embeddable":true,"href":"https:\/\/www.oparanews.com.br\/index.php\/wp-json\/wp\/v2\/users\/1"}],"replies":[{"embeddable":true,"href":"https:\/\/www.oparanews.com.br\/index.php\/wp-json\/wp\/v2\/comments?post=9391"}],"version-history":[{"count":0,"href":"https:\/\/www.oparanews.com.br\/index.php\/wp-json\/wp\/v2\/posts\/9391\/revisions"}],"wp:attachment":[{"href":"https:\/\/www.oparanews.com.br\/index.php\/wp-json\/wp\/v2\/media?parent=9391"}],"wp:term":[{"taxonomy":"category","embeddable":true,"href":"https:\/\/www.oparanews.com.br\/index.php\/wp-json\/wp\/v2\/categories?post=9391"},{"taxonomy":"post_tag","embeddable":true,"href":"https:\/\/www.oparanews.com.br\/index.php\/wp-json\/wp\/v2\/tags?post=9391"}],"curies":[{"name":"wp","href":"https:\/\/api.w.org\/{rel}","templated":true}]}}