{"id":9397,"date":"2020-09-15T13:05:52","date_gmt":"2020-09-15T13:05:52","guid":{"rendered":"https:\/\/oparanews.com.br\/?p=9397"},"modified":"2020-09-15T13:05:52","modified_gmt":"2020-09-15T13:05:52","slug":"sbt-confirma-equipe-para-transmissoes-da-libertadores","status":"publish","type":"post","link":"https:\/\/www.oparanews.com.br\/index.php\/2020\/09\/15\/sbt-confirma-equipe-para-transmissoes-da-libertadores\/","title":{"rendered":"SBT confirma equipe para transmiss\u00f5es da Libertadores"},"content":{"rendered":"<p>O SBT anunciou o acerto com os ex-jogadores Mauro Galv\u00e3o e Ricardo Rocha para o time de comentaristas para a Libertadores, que j\u00e1 ser\u00e1 transmitido pela emissora nesta quarta-feira com dois jogos. Al\u00e9m da dupla, a empresa do dono do Ba\u00fa tamb\u00e9m fechou acordo com Mauro Beting, e os narradores Teo Jos\u00e9 e Luiz Alano.<\/p>\n<p>A contrata\u00e7\u00e3o de Luiz Alano, que estava na DAZN \u00e9 tida como estrat\u00e9gica para o p\u00fablico do Rio Grande do Sul, j\u00e1 que o narrador tem grande identifica\u00e7\u00e3o com o p\u00fablico ga\u00facho. Com as contrata\u00e7\u00f5es anunciadas e as acordadas at\u00e9 aqui, o SBT j\u00e1 montou o time que vai atuar na quarta-feira nos jogos de Gr\u00eamio, para o Sul, e Palmeiras, que ser\u00e1 transmitido em rede.<\/p>\n<p>O SBT fechou acordo para as transmiss\u00f5es da Libertadores em TV Aberta na \u00faltima semana e teve que correr atr\u00e1s de nomes de impacto para a transmiss\u00e3o dos jogos desta quarta-feira. O resto da equipe ainda ser\u00e1 montada conforme o decorrer da competi\u00e7\u00e3o. Nomes como Datena e Benja est\u00e3o entre os sonhos do SBT.<\/p>\n<p>A Libertadores come\u00e7ar\u00e1 a ser exibida em rede nacional pelo SBT a partir desta quarta-feira (16), \u00e0s 21h30, com o jogo Bol\u00edvar x Palmeiras, com T\u00e9o Jos\u00e9 e os coment\u00e1rios de Mauro Beting e Ricardo Rocha. J\u00e1 a partida Universidad Cat\u00f3lica x Gr\u00eamio, que vai ao ar no SBT Porto Alegre; Santa Catarina; S\u00e3o Luiz; Ponta Grossa e Foz do Igua\u00e7u no mesmo dia e hor\u00e1rio, contar\u00e1 com a narra\u00e7\u00e3o e coment\u00e1rios de Luiz Alano e Mauro Galv\u00e3o.<\/p>\n<p>&nbsp;<\/p>\n<p><strong>Fonte: LANCE<\/strong><\/p>\n<p>&nbsp;<\/p>\n","protected":false},"excerpt":{"rendered":"<p>O SBT anunciou o acerto com os ex-jogadores Mauro Galv\u00e3o e Ricardo Rocha para o time de comentaristas para a Libertadores, que j\u00e1 ser\u00e1 transmitido pela emissora nesta quarta-feira com dois jogos. Al\u00e9m da dupla, a empresa do dono do Ba\u00fa tamb\u00e9m fechou acordo com Mauro Beting, e os narradores Teo Jos\u00e9 e Luiz Alano. &hellip;<\/p>\n","protected":false},"author":1,"featured_media":9398,"comment_status":"open","ping_status":"open","sticky":false,"template":"","format":"standard","meta":{"_jetpack_newsletter_access":"","_jetpack_dont_email_post_to_subs":false,"_jetpack_newsletter_tier_id":0,"_jetpack_memberships_contains_paywalled_content":false,"_jetpack_memberships_contains_paid_content":false,"footnotes":""},"categories":[1],"tags":[],"class_list":["post-9397","post","type-post","status-publish","format-standard","has-post-thumbnail","hentry","category-destaque"],"jetpack_sharing_enabled":true,"jetpack_featured_media_url":"","_links":{"self":[{"href":"https:\/\/www.oparanews.com.br\/index.php\/wp-json\/wp\/v2\/posts\/9397","targetHints":{"allow":["GET"]}}],"collection":[{"href":"https:\/\/www.oparanews.com.br\/index.php\/wp-json\/wp\/v2\/posts"}],"about":[{"href":"https:\/\/www.oparanews.com.br\/index.php\/wp-json\/wp\/v2\/types\/post"}],"author":[{"embeddable":true,"href":"https:\/\/www.oparanews.com.br\/index.php\/wp-json\/wp\/v2\/users\/1"}],"replies":[{"embeddable":true,"href":"https:\/\/www.oparanews.com.br\/index.php\/wp-json\/wp\/v2\/comments?post=9397"}],"version-history":[{"count":0,"href":"https:\/\/www.oparanews.com.br\/index.php\/wp-json\/wp\/v2\/posts\/9397\/revisions"}],"wp:attachment":[{"href":"https:\/\/www.oparanews.com.br\/index.php\/wp-json\/wp\/v2\/media?parent=9397"}],"wp:term":[{"taxonomy":"category","embeddable":true,"href":"https:\/\/www.oparanews.com.br\/index.php\/wp-json\/wp\/v2\/categories?post=9397"},{"taxonomy":"post_tag","embeddable":true,"href":"https:\/\/www.oparanews.com.br\/index.php\/wp-json\/wp\/v2\/tags?post=9397"}],"curies":[{"name":"wp","href":"https:\/\/api.w.org\/{rel}","templated":true}]}}