{"id":9410,"date":"2020-09-15T19:40:16","date_gmt":"2020-09-15T19:40:16","guid":{"rendered":"https:\/\/oparanews.com.br\/?p=9410"},"modified":"2020-09-15T19:40:16","modified_gmt":"2020-09-15T19:40:16","slug":"alagoas-confirma-263-novos-casos-e-mais-seis-mortes-por-covid-19","status":"publish","type":"post","link":"https:\/\/www.oparanews.com.br\/index.php\/2020\/09\/15\/alagoas-confirma-263-novos-casos-e-mais-seis-mortes-por-covid-19\/","title":{"rendered":"Alagoas confirma 263 novos casos e mais seis mortes por Covid-19"},"content":{"rendered":"<p><a href=\"https:\/\/oparanews.com.br\/wp-content\/uploads\/2020\/09\/Sem-t\u00edtulo-2-1.jpg\"><img loading=\"lazy\" decoding=\"async\" class=\"alignleft wp-image-9411 size-medium\" src=\"https:\/\/oparanews.com.br\/wp-content\/uploads\/2020\/09\/Sem-t\u00edtulo-2-1-240x300.jpg\" alt=\"\" width=\"240\" height=\"300\" \/><\/a>Alagoas registrou, at\u00e9 esta ter\u00e7a-feira (15), 82.595 casos confirmados e 1.991 mortes por Covid-19. Nas \u00faltimas 24 horas, foram registrados 263 novos casos e seis \u00f3bitos causados pela doen\u00e7a. Os dados s\u00e3o da Secretaria de Estado da Sa\u00fade (Sesau).<\/p>\n<p>O n\u00famero di\u00e1rio de casos, 263, aumentou em rela\u00e7\u00e3o ao do boletim epidemiol\u00f3gico de segunda (14), que apresentou 102 novos casos.<\/p>\n<p>O estado tem ainda 2.509 casos suspeitos e 79.411 pessoas recuperadas da Covid-19.<\/p>\n<p><strong>Leitos para Covid-19<\/strong><\/p>\n<p>O boletim de leitos mais recente, divulgado na segunda-feira (14), mostrou que a ocupa\u00e7\u00e3o de leitos exclusivos para Covid-19 estava em 17%. Considerando apenas os leitos de UTI, a ocupa\u00e7\u00e3o era de 38%.<\/p>\n<p>Mais seis mortes por Covid-19<\/p>\n<p>Macei\u00f3: Mulher, 76 anos \u2013 sem comorbidades<br \/>\nMacei\u00f3: Mulher, 69 anos \u2013 diab\u00e9tica<br \/>\nMacei\u00f3: Mulher, 64 anos \u2013 hipertensa<br \/>\nArapiraca: Mulher, 90 anos \u2013 sem comorbidades<br \/>\nSantana do Ipanema: Mulher, 76 anos \u2013 diab\u00e9tica<br \/>\nPiranhas: Homem, 73 anos \u2013 sem comorbidades<\/p>\n<p>&nbsp;<\/p>\n<p><strong>Fonte: G1\/AL<\/strong><\/p>\n<p>&nbsp;<\/p>\n","protected":false},"excerpt":{"rendered":"<p>Alagoas registrou, at\u00e9 esta ter\u00e7a-feira (15), 82.595 casos confirmados e 1.991 mortes por Covid-19. Nas \u00faltimas 24 horas, foram registrados 263 novos casos e seis \u00f3bitos causados pela doen\u00e7a. Os dados s\u00e3o da Secretaria de Estado da Sa\u00fade (Sesau). O n\u00famero di\u00e1rio de casos, 263, aumentou em rela\u00e7\u00e3o ao do boletim epidemiol\u00f3gico de segunda (14), &hellip;<\/p>\n","protected":false},"author":1,"featured_media":9412,"comment_status":"open","ping_status":"open","sticky":false,"template":"","format":"standard","meta":{"_jetpack_memberships_contains_paid_content":false,"footnotes":""},"categories":[1],"tags":[],"class_list":["post-9410","post","type-post","status-publish","format-standard","has-post-thumbnail","hentry","category-destaque"],"jetpack_featured_media_url":"","jetpack_sharing_enabled":true,"_links":{"self":[{"href":"https:\/\/www.oparanews.com.br\/index.php\/wp-json\/wp\/v2\/posts\/9410","targetHints":{"allow":["GET"]}}],"collection":[{"href":"https:\/\/www.oparanews.com.br\/index.php\/wp-json\/wp\/v2\/posts"}],"about":[{"href":"https:\/\/www.oparanews.com.br\/index.php\/wp-json\/wp\/v2\/types\/post"}],"author":[{"embeddable":true,"href":"https:\/\/www.oparanews.com.br\/index.php\/wp-json\/wp\/v2\/users\/1"}],"replies":[{"embeddable":true,"href":"https:\/\/www.oparanews.com.br\/index.php\/wp-json\/wp\/v2\/comments?post=9410"}],"version-history":[{"count":0,"href":"https:\/\/www.oparanews.com.br\/index.php\/wp-json\/wp\/v2\/posts\/9410\/revisions"}],"wp:featuredmedia":[{"embeddable":true,"href":"https:\/\/www.oparanews.com.br\/index.php\/wp-json\/"}],"wp:attachment":[{"href":"https:\/\/www.oparanews.com.br\/index.php\/wp-json\/wp\/v2\/media?parent=9410"}],"wp:term":[{"taxonomy":"category","embeddable":true,"href":"https:\/\/www.oparanews.com.br\/index.php\/wp-json\/wp\/v2\/categories?post=9410"},{"taxonomy":"post_tag","embeddable":true,"href":"https:\/\/www.oparanews.com.br\/index.php\/wp-json\/wp\/v2\/tags?post=9410"}],"curies":[{"name":"wp","href":"https:\/\/api.w.org\/{rel}","templated":true}]}}