{"id":9427,"date":"2020-09-16T12:01:15","date_gmt":"2020-09-16T12:01:15","guid":{"rendered":"https:\/\/oparanews.com.br\/?p=9427"},"modified":"2020-09-16T12:01:15","modified_gmt":"2020-09-16T12:01:15","slug":"mulher-e-esfaqueada-em-tentativa-de-homicidio-em-maceio","status":"publish","type":"post","link":"https:\/\/www.oparanews.com.br\/index.php\/2020\/09\/16\/mulher-e-esfaqueada-em-tentativa-de-homicidio-em-maceio\/","title":{"rendered":"Mulher \u00e9 esfaqueada em tentativa de homic\u00eddio em Macei\u00f3"},"content":{"rendered":"<p>Uma mulher foi esfaqueada na segunda-feira (15) em uma tentativa de homic\u00eddio na Vila Emater, localizada no bairro Jacarecica, em Macei\u00f3.<\/p>\n<p>Segundo a pol\u00edcia, a v\u00edtima foi atingida na virilha e socorrida pelo Servi\u00e7o de Atendimento M\u00f3vel de Urg\u00eancia para o Hospital Geral do Estado (HGE).<\/p>\n<p>N\u00e3o h\u00e1 informa\u00e7\u00f5es sobre o autor e nem sobre a motiva\u00e7\u00e3o do crime.<\/p>\n<p>&nbsp;<\/p>\n<p><strong>Fonte: G1\/AL<\/strong><\/p>\n<p>&nbsp;<\/p>\n","protected":false},"excerpt":{"rendered":"<p>Uma mulher foi esfaqueada na segunda-feira (15) em uma tentativa de homic\u00eddio na Vila Emater, localizada no bairro Jacarecica, em Macei\u00f3. Segundo a pol\u00edcia, a v\u00edtima foi atingida na virilha e socorrida pelo Servi\u00e7o de Atendimento M\u00f3vel de Urg\u00eancia para o Hospital Geral do Estado (HGE). N\u00e3o h\u00e1 informa\u00e7\u00f5es sobre o autor e nem sobre &hellip;<\/p>\n","protected":false},"author":1,"featured_media":9428,"comment_status":"open","ping_status":"open","sticky":false,"template":"","format":"standard","meta":{"_jetpack_newsletter_access":"","_jetpack_dont_email_post_to_subs":false,"_jetpack_newsletter_tier_id":0,"_jetpack_memberships_contains_paywalled_content":false,"_jetpack_memberships_contains_paid_content":false,"footnotes":""},"categories":[1],"tags":[],"class_list":["post-9427","post","type-post","status-publish","format-standard","has-post-thumbnail","hentry","category-destaque"],"jetpack_sharing_enabled":true,"jetpack_featured_media_url":"","_links":{"self":[{"href":"https:\/\/www.oparanews.com.br\/index.php\/wp-json\/wp\/v2\/posts\/9427","targetHints":{"allow":["GET"]}}],"collection":[{"href":"https:\/\/www.oparanews.com.br\/index.php\/wp-json\/wp\/v2\/posts"}],"about":[{"href":"https:\/\/www.oparanews.com.br\/index.php\/wp-json\/wp\/v2\/types\/post"}],"author":[{"embeddable":true,"href":"https:\/\/www.oparanews.com.br\/index.php\/wp-json\/wp\/v2\/users\/1"}],"replies":[{"embeddable":true,"href":"https:\/\/www.oparanews.com.br\/index.php\/wp-json\/wp\/v2\/comments?post=9427"}],"version-history":[{"count":0,"href":"https:\/\/www.oparanews.com.br\/index.php\/wp-json\/wp\/v2\/posts\/9427\/revisions"}],"wp:attachment":[{"href":"https:\/\/www.oparanews.com.br\/index.php\/wp-json\/wp\/v2\/media?parent=9427"}],"wp:term":[{"taxonomy":"category","embeddable":true,"href":"https:\/\/www.oparanews.com.br\/index.php\/wp-json\/wp\/v2\/categories?post=9427"},{"taxonomy":"post_tag","embeddable":true,"href":"https:\/\/www.oparanews.com.br\/index.php\/wp-json\/wp\/v2\/tags?post=9427"}],"curies":[{"name":"wp","href":"https:\/\/api.w.org\/{rel}","templated":true}]}}