{"id":9433,"date":"2020-09-16T18:41:31","date_gmt":"2020-09-16T18:41:31","guid":{"rendered":"https:\/\/oparanews.com.br\/?p=9433"},"modified":"2020-09-16T18:41:31","modified_gmt":"2020-09-16T18:41:31","slug":"rodrigo-maia-testa-positivo-para-covid-19","status":"publish","type":"post","link":"https:\/\/www.oparanews.com.br\/index.php\/2020\/09\/16\/rodrigo-maia-testa-positivo-para-covid-19\/","title":{"rendered":"Rodrigo Maia testa positivo para covid-19"},"content":{"rendered":"<p>O presidente da C\u00e2mara, Rodrigo Maia (DEM-RJ), foi diagnosticado com covid-19. Ele afirmou ao Estad\u00e3o\/Broadcast estar bem, sem sintomas mais graves da doen\u00e7a.<\/p>\n<p>Maia era o \u00fanico chefe de Poder que ainda n\u00e3o tinha sido contaminado. Rec\u00e9m-empossado presidente do Supremo Tribunal Federal (STF), Luiz Fux anunciou na segunda-feira que tamb\u00e9m havia recebido o diagn\u00f3stico positivo. Antes, o presidente da Rep\u00fablica, Jair Bolsonaro, e o presidente do Senado, Davi Alcolumbre (DEM-AP), tamb\u00e9m j\u00e1 tiveram a doen\u00e7a.<\/p>\n<p>&#8220;O presidente Rodrigo Maia testou positivo para a covid-19 nesta quarta-feira. Ele manifestou sintomas brandos da doen\u00e7a e est\u00e1 se tratando na resid\u00eancia oficial da C\u00e2mara dos Deputados, onde seguir\u00e1 em isolamento respeitando as recomenda\u00e7\u00f5es m\u00e9dicas&#8221;, informou a Casa em nota.<\/p>\n<p>O presidente da C\u00e2mara tamb\u00e9m \u00e9 a terceira autoridade que compareceu \u00e0 posse Fux, em Bras\u00edlia, a contrair o coronav\u00edrus. Os ministros Lu\u00eds Felipe Salom\u00e3o e Antonio Saldanha Palheiro, do Superior Tribunal de Justi\u00e7a (STJ), tamb\u00e9m testaram positivo para covid-19 depois do evento, ocorrido na quinta-feira, 10.<\/p>\n<p>Segundo nota do STF, Fux buscou atendimento m\u00e9dico, no Rio, ap\u00f3s apresentar aumento de temperatura corporal e o resultado do teste para covid-19 deu positivo.<\/p>\n<p>&#8220;A suspeita \u00e9 de que ele possa ter contra\u00eddo o novo coronav\u00edrus em almo\u00e7o de confraterniza\u00e7\u00e3o familiar no s\u00e1bado&#8221;, diz o comunicado. Ainda de acordo com o STF, Fux &#8220;passa bem&#8221; e ficar\u00e1 em isolamento. Nesta quarta-feira, o ministro pretende conduzir sua sess\u00e3o primeira ordin\u00e1ria no plen\u00e1rio.<\/p>\n<p>&nbsp;<\/p>\n<p><strong>Fonte: Terra<\/strong><\/p>\n<p>&nbsp;<\/p>\n","protected":false},"excerpt":{"rendered":"<p>O presidente da C\u00e2mara, Rodrigo Maia (DEM-RJ), foi diagnosticado com covid-19. Ele afirmou ao Estad\u00e3o\/Broadcast estar bem, sem sintomas mais graves da doen\u00e7a. Maia era o \u00fanico chefe de Poder que ainda n\u00e3o tinha sido contaminado. Rec\u00e9m-empossado presidente do Supremo Tribunal Federal (STF), Luiz Fux anunciou na segunda-feira que tamb\u00e9m havia recebido o diagn\u00f3stico positivo. &hellip;<\/p>\n","protected":false},"author":1,"featured_media":9434,"comment_status":"open","ping_status":"open","sticky":false,"template":"","format":"standard","meta":{"_jetpack_newsletter_access":"","_jetpack_dont_email_post_to_subs":false,"_jetpack_newsletter_tier_id":0,"_jetpack_memberships_contains_paywalled_content":false,"_jetpack_memberships_contains_paid_content":false,"footnotes":""},"categories":[1],"tags":[],"class_list":["post-9433","post","type-post","status-publish","format-standard","has-post-thumbnail","hentry","category-destaque"],"jetpack_sharing_enabled":true,"jetpack_featured_media_url":"","_links":{"self":[{"href":"https:\/\/www.oparanews.com.br\/index.php\/wp-json\/wp\/v2\/posts\/9433","targetHints":{"allow":["GET"]}}],"collection":[{"href":"https:\/\/www.oparanews.com.br\/index.php\/wp-json\/wp\/v2\/posts"}],"about":[{"href":"https:\/\/www.oparanews.com.br\/index.php\/wp-json\/wp\/v2\/types\/post"}],"author":[{"embeddable":true,"href":"https:\/\/www.oparanews.com.br\/index.php\/wp-json\/wp\/v2\/users\/1"}],"replies":[{"embeddable":true,"href":"https:\/\/www.oparanews.com.br\/index.php\/wp-json\/wp\/v2\/comments?post=9433"}],"version-history":[{"count":0,"href":"https:\/\/www.oparanews.com.br\/index.php\/wp-json\/wp\/v2\/posts\/9433\/revisions"}],"wp:attachment":[{"href":"https:\/\/www.oparanews.com.br\/index.php\/wp-json\/wp\/v2\/media?parent=9433"}],"wp:term":[{"taxonomy":"category","embeddable":true,"href":"https:\/\/www.oparanews.com.br\/index.php\/wp-json\/wp\/v2\/categories?post=9433"},{"taxonomy":"post_tag","embeddable":true,"href":"https:\/\/www.oparanews.com.br\/index.php\/wp-json\/wp\/v2\/tags?post=9433"}],"curies":[{"name":"wp","href":"https:\/\/api.w.org\/{rel}","templated":true}]}}