{"id":9443,"date":"2020-09-16T19:27:47","date_gmt":"2020-09-16T19:27:47","guid":{"rendered":"https:\/\/oparanews.com.br\/?p=9443"},"modified":"2020-09-16T19:27:47","modified_gmt":"2020-09-16T19:27:47","slug":"bolsonaro-autoriza-criacao-de-novo-programa-social","status":"publish","type":"post","link":"https:\/\/www.oparanews.com.br\/index.php\/2020\/09\/16\/bolsonaro-autoriza-criacao-de-novo-programa-social\/","title":{"rendered":"Bolsonaro autoriza cria\u00e7\u00e3o de novo programa social"},"content":{"rendered":"<p>Um dia depois de vetar o Renda Brasil, o presidente Jair Bolsonaro autorizou o relator do Or\u00e7amento, deputado M\u00e1rcio Bittar (MDB-AC), a incluir da proposta or\u00e7ament\u00e1ria de 2021 a cria\u00e7\u00e3o de um programa social com a mesma fun\u00e7\u00e3o do renegado pelo presidente.<\/p>\n<p>Ao sair do Pal\u00e1cio do Planalto, nesta quarta-feira, Bittar afirmou que Bolsonaro deu o sinal verde para a negocia\u00e7\u00e3o e cria\u00e7\u00e3o de um novo programa para atender uma popula\u00e7\u00e3o que ficar\u00e1 desassistida com o fim do aux\u00edlio emergencial.<\/p>\n<p>&#8220;Tomei caf\u00e9 da manh\u00e3 com o presidente da Rep\u00fablica. Agora, antes do almo\u00e7o conversamos mais um pouco, eu fui solicitar ao presidente, se ele me autorizava a colocar dentro do or\u00e7amento a cria\u00e7\u00e3o de um programa social que possa atender milh\u00f5es de brasileiros que foram identificados ao longo da pandemia e que estavam fora de qualquer programa social. O presidente me autorizou&#8221;, disse.<\/p>\n<p>Bittar n\u00e3o disse de onde sairiam os recursos para esse programa, apesar da fonte do dinheiro ter sido at\u00e9 agora o principal problema para financiar o Renda Brasil. Todas as alternativas analisadas pela equipe econ\u00f4mica, que mexiam em programas sociais j\u00e1 existentes, foram desconsideradas pelo presidente.<\/p>\n<p>&#8220;Ent\u00e3o assim, n\u00e3o adianta agora a gente especular do que vai tirar, onde que vai cortar, mas estou autorizado pelo presidente, ele me deu sinal verde. E, a partir de agora, vou conversar com os l\u00edderes do governo no Senado e na C\u00e2mara, conversar com a equipe econ\u00f4mica. Mas a semana que vem a ideia \u00e9 apresentar um relat\u00f3rio que tenha as PECs e a cria\u00e7\u00e3o desse programa&#8221;, explicou o relator.<\/p>\n<p>Na ter\u00e7a-feira, irritado com as informa\u00e7\u00f5es de que a equipe econ\u00f4mica estudava congelamento de aposentadorias e cortes em programas direcionados a idosos e deficientes pobres para financiar o Renda Brasil, Bolsonaro afirmou que n\u00e3o se falaria mais no programa at\u00e9 2022, seu \u00faltimo ano de governo. E repetiu que n\u00e3o tiraria recursos &#8220;de pobres para dar para paup\u00e9rrimos&#8221;.<\/p>\n<p>O financiamento do programa, que seria uma nova vers\u00e3o do Bolsa Fam\u00edlia, com renda maior e com objetivo de atender at\u00e9 21 milh\u00f5es de fam\u00edlias &#8211;5 milh\u00f5es a mais do que est\u00e1 previsto para o Bolsa Fam\u00edlia em 2021&#8211; tem sido o maior entrave. As alternativas estudadas pela equipe econ\u00f4mica previam, todas elas, o corte ou congelamento em programas sociais j\u00e1 existentes e tamb\u00e9m dirigidos \u00e0 popula\u00e7\u00e3o de baixa renda.<\/p>\n<p>Ap\u00f3s as reprimendas p\u00fablicas do presidente, a ordem na equipe econ\u00f4mica \u00e9 limitar a atua\u00e7\u00e3o nos estudos t\u00e9cnicos aos bastidores. Segundo uma fonte da pasta com conhecimento direto do assunto, a ideia segue sendo de que o novo Bolsa Fam\u00edlia seja formatado no conceito de uma caixa vazia, a ser preenchido com recursos de outras pol\u00edticas e programas.<\/p>\n<p>Caber\u00e1 ao Congresso, portanto, decidir se utiliza os recursos e o espa\u00e7o no teto de gastos de uma determinada despesa para encher essa caixa &#8211;tarefa que dever\u00e1 ser alinhavada pelo relator em conjunto com as lideran\u00e7as.<\/p>\n<p>O novo formato, que deixa nas m\u00e3os dos parlamentares a forma de fazer, j\u00e1 era aventado dentro do governo mesmo antes da decis\u00e3o de Bolsonaro de enterrar o Renda Brasil. Uma fonte de alto escal\u00e3o com tr\u00e2nsito junto ao presidente disse \u00e0 Reuters que essa seria possivelmente a \u00fanica forma de tirar o programa do papel, j\u00e1 que os parlamentares assumiriam a decis\u00e3o do que e onde cortar.<\/p>\n<p>Havia j\u00e1 uma preocupa\u00e7\u00e3o dentro do governo do reflexo que o fim do aux\u00edlio emergencial teria na popularidade do presidente. A queda no valor, de 600 reais para 300 reais, e com crit\u00e9rios mais duros, j\u00e1 gerou muitas reclama\u00e7\u00f5es nas redes sociais de Bolsonaro.<\/p>\n<p>&#8220;Voc\u00ea j\u00e1 teve um tombo de 600 para 300. Chegando em dezembro vai cair de 300 para zero? N\u00e3o d\u00e1. Vai ter gente passando fome&#8221;, disse a fonte.<\/p>\n<p>A fala de Bittar reflete a mesma preocupa\u00e7\u00e3o.<\/p>\n<p>&#8220;O projeto preparado, claro que ele vai voltar aqui para o presidente dar a \u00faltima palavra. Mas, de qualquer maneira, a convic\u00e7\u00e3o \u00e9: tem que ser criado, o melhor \u00e9 que se crie agora, n\u00e3o deixar para o ano que vem, para que esses milh\u00f5es de brasileiros possam passar o Natal e Ano Novo mais tranquilos, sabendo que vai ter alguma coisa que vai lhes proteger&#8221;, disse o deputado.<\/p>\n<p>Procurado, o Pal\u00e1cio do Planalto n\u00e3o respondeu imediatamente a um pedido de coment\u00e1rio.<\/p>\n<p>&nbsp;<\/p>\n<p><strong>Fonte: G1\/AL<\/strong><\/p>\n<p>&nbsp;<\/p>\n","protected":false},"excerpt":{"rendered":"<p>Um dia depois de vetar o Renda Brasil, o presidente Jair Bolsonaro autorizou o relator do Or\u00e7amento, deputado M\u00e1rcio Bittar (MDB-AC), a incluir da proposta or\u00e7ament\u00e1ria de 2021 a cria\u00e7\u00e3o de um programa social com a mesma fun\u00e7\u00e3o do renegado pelo presidente. Ao sair do Pal\u00e1cio do Planalto, nesta quarta-feira, Bittar afirmou que Bolsonaro deu &hellip;<\/p>\n","protected":false},"author":1,"featured_media":9444,"comment_status":"open","ping_status":"open","sticky":false,"template":"","format":"standard","meta":{"_jetpack_newsletter_access":"","_jetpack_dont_email_post_to_subs":false,"_jetpack_newsletter_tier_id":0,"_jetpack_memberships_contains_paywalled_content":false,"_jetpack_memberships_contains_paid_content":false,"footnotes":""},"categories":[1],"tags":[],"class_list":["post-9443","post","type-post","status-publish","format-standard","has-post-thumbnail","hentry","category-destaque"],"jetpack_sharing_enabled":true,"jetpack_featured_media_url":"","_links":{"self":[{"href":"https:\/\/www.oparanews.com.br\/index.php\/wp-json\/wp\/v2\/posts\/9443","targetHints":{"allow":["GET"]}}],"collection":[{"href":"https:\/\/www.oparanews.com.br\/index.php\/wp-json\/wp\/v2\/posts"}],"about":[{"href":"https:\/\/www.oparanews.com.br\/index.php\/wp-json\/wp\/v2\/types\/post"}],"author":[{"embeddable":true,"href":"https:\/\/www.oparanews.com.br\/index.php\/wp-json\/wp\/v2\/users\/1"}],"replies":[{"embeddable":true,"href":"https:\/\/www.oparanews.com.br\/index.php\/wp-json\/wp\/v2\/comments?post=9443"}],"version-history":[{"count":0,"href":"https:\/\/www.oparanews.com.br\/index.php\/wp-json\/wp\/v2\/posts\/9443\/revisions"}],"wp:attachment":[{"href":"https:\/\/www.oparanews.com.br\/index.php\/wp-json\/wp\/v2\/media?parent=9443"}],"wp:term":[{"taxonomy":"category","embeddable":true,"href":"https:\/\/www.oparanews.com.br\/index.php\/wp-json\/wp\/v2\/categories?post=9443"},{"taxonomy":"post_tag","embeddable":true,"href":"https:\/\/www.oparanews.com.br\/index.php\/wp-json\/wp\/v2\/tags?post=9443"}],"curies":[{"name":"wp","href":"https:\/\/api.w.org\/{rel}","templated":true}]}}