{"id":9467,"date":"2020-09-17T18:11:08","date_gmt":"2020-09-17T18:11:08","guid":{"rendered":"https:\/\/oparanews.com.br\/?p=9467"},"modified":"2020-09-17T18:11:08","modified_gmt":"2020-09-17T18:11:08","slug":"eliminatorias-sul-americanas-comecam-em-outubro","status":"publish","type":"post","link":"https:\/\/www.oparanews.com.br\/index.php\/2020\/09\/17\/eliminatorias-sul-americanas-comecam-em-outubro\/","title":{"rendered":"Eliminat\u00f3rias sul-americanas come\u00e7am em outubro"},"content":{"rendered":"<p>A Fifa e a Conmebol confirmaram, nesta quinta-feira, que as Eliminat\u00f3rias Sul-Americanas para a Copa do Mundo de 2022 v\u00e3o come\u00e7ar mesmo em outubro. A decis\u00e3o tamb\u00e9m mant\u00e9m o formato de disputa do torneio, com todas as dez sele\u00e7\u00f5es do continente se enfrentando em duelos de ida e volta.<\/p>\n<p>Ap\u00f3s 18 rodadas, os quatro primeiros se classificam ao Mundial do Catar e o quinto disputa uma vaga na repescagem, contra rival ainda a ser definido.<\/p>\n<p>O Brasil estreia contra a Bol\u00edvia, em 9 de outubro na Neo Qu\u00edmica Arena. Na sequ\u00eancia, no dia 13, a Sele\u00e7\u00e3o encara o Peru, fora de casa. A CBF divulga a primeira convoca\u00e7\u00e3o \u00e0s 12h30 desta sexta-feira, e Tite concede entrevista \u00e0s 15h.<\/p>\n<p>O treinador vai repetir a sueca Pia Sundhage, da Sele\u00e7\u00e3o feminina, e divulgar seus 23 ou 24 nomes (caso escolha um a mais pela suspens\u00e3o de Gabriel Jesus na primeira partida) para enfrentar Bol\u00edvia (9 de outubro, em S\u00e3o Paulo) e Peru (13, na cidade de Lima) em sess\u00e3o virtual transmitida pela CBF para o p\u00fablico e a jornalistas. Tite n\u00e3o concede entrevista desde mar\u00e7o, quando convocou para os jogos das Eliminat\u00f3rias que terminaram adiados.<\/p>\n<p>At\u00e9 esta quinta-feira o in\u00edcio das Eliminat\u00f3rias em outubro estava sob risco, por causa da dificuldade de garantir a presen\u00e7a dos jogadores sul-americanos que atuam na Europa. Esse obst\u00e1culo foi contornado.<\/p>\n<p>Na reuni\u00e3o realizada nesta quinta-feira, a Fifa informou \u00e0 Conmebol que os pa\u00edses europeus j\u00e1 toparam n\u00e3o exigir quarentena dos jogadores que voltarem de viagens \u00e0 Am\u00e9rica do Sul &#8211; algo que era uma solicita\u00e7\u00e3o refor\u00e7ada dos dirigentes das federa\u00e7\u00f5es. O \u00fanico entrave hoje est\u00e1 na China.<\/p>\n<p>&#8211; A Fifa ter\u00e1 o protocolo sanit\u00e1rio pronto para as eliminat\u00f3rias na pr\u00f3xima semana. N\u00e3o h\u00e1 surpresa nele, est\u00e1 alinhado com o que j\u00e1 foi trabalhado &#8211; disse Gianni Infantino, presidente da Fifa.<\/p>\n<p>&nbsp;<\/p>\n<p><strong>Fonte: Globoesporte<\/strong><\/p>\n<p>&nbsp;<\/p>\n","protected":false},"excerpt":{"rendered":"<p>A Fifa e a Conmebol confirmaram, nesta quinta-feira, que as Eliminat\u00f3rias Sul-Americanas para a Copa do Mundo de 2022 v\u00e3o come\u00e7ar mesmo em outubro. A decis\u00e3o tamb\u00e9m mant\u00e9m o formato de disputa do torneio, com todas as dez sele\u00e7\u00f5es do continente se enfrentando em duelos de ida e volta. Ap\u00f3s 18 rodadas, os quatro primeiros &hellip;<\/p>\n","protected":false},"author":1,"featured_media":9468,"comment_status":"open","ping_status":"open","sticky":false,"template":"","format":"standard","meta":{"_jetpack_newsletter_access":"","_jetpack_dont_email_post_to_subs":false,"_jetpack_newsletter_tier_id":0,"_jetpack_memberships_contains_paywalled_content":false,"_jetpack_memberships_contains_paid_content":false,"footnotes":""},"categories":[1],"tags":[],"class_list":["post-9467","post","type-post","status-publish","format-standard","has-post-thumbnail","hentry","category-destaque"],"jetpack_sharing_enabled":true,"jetpack_featured_media_url":"","_links":{"self":[{"href":"https:\/\/www.oparanews.com.br\/index.php\/wp-json\/wp\/v2\/posts\/9467","targetHints":{"allow":["GET"]}}],"collection":[{"href":"https:\/\/www.oparanews.com.br\/index.php\/wp-json\/wp\/v2\/posts"}],"about":[{"href":"https:\/\/www.oparanews.com.br\/index.php\/wp-json\/wp\/v2\/types\/post"}],"author":[{"embeddable":true,"href":"https:\/\/www.oparanews.com.br\/index.php\/wp-json\/wp\/v2\/users\/1"}],"replies":[{"embeddable":true,"href":"https:\/\/www.oparanews.com.br\/index.php\/wp-json\/wp\/v2\/comments?post=9467"}],"version-history":[{"count":0,"href":"https:\/\/www.oparanews.com.br\/index.php\/wp-json\/wp\/v2\/posts\/9467\/revisions"}],"wp:attachment":[{"href":"https:\/\/www.oparanews.com.br\/index.php\/wp-json\/wp\/v2\/media?parent=9467"}],"wp:term":[{"taxonomy":"category","embeddable":true,"href":"https:\/\/www.oparanews.com.br\/index.php\/wp-json\/wp\/v2\/categories?post=9467"},{"taxonomy":"post_tag","embeddable":true,"href":"https:\/\/www.oparanews.com.br\/index.php\/wp-json\/wp\/v2\/tags?post=9467"}],"curies":[{"name":"wp","href":"https:\/\/api.w.org\/{rel}","templated":true}]}}