{"id":9470,"date":"2020-09-17T18:13:42","date_gmt":"2020-09-17T18:13:42","guid":{"rendered":"https:\/\/oparanews.com.br\/?p=9470"},"modified":"2020-09-17T18:13:42","modified_gmt":"2020-09-17T18:13:42","slug":"sport-encaminha-contratacao-do-meia-thiago-neves","status":"publish","type":"post","link":"https:\/\/www.oparanews.com.br\/index.php\/2020\/09\/17\/sport-encaminha-contratacao-do-meia-thiago-neves\/","title":{"rendered":"Sport encaminha contrata\u00e7\u00e3o do meia Thiago Neves"},"content":{"rendered":"<p>Depois de ver o neg\u00f3cio frustrado com o Atl\u00e9tico-MG por rejei\u00e7\u00e3o da torcida, o meia Thiago Neves tem uma negocia\u00e7\u00e3o adiantada para defender outro clube da S\u00e9rie A. O jogador tem um acerto engatilhado com o Sport e discute os \u00faltimos detalhes do contrato. A depender do avan\u00e7o nessas quest\u00f5es, o neg\u00f3cio pode ser fechado ainda nesta quinta-feira.<\/p>\n<p>Antes de o Sport surgir como op\u00e7\u00e3o, Thiago Neves chegou a ter firmado um pr\u00e9-contrato com o Atl\u00e9tico-MG. Em seguida, com a repercuss\u00e3o, o Galo desistiu da contrata\u00e7\u00e3o. Agora, para que n\u00e3o haja nenhum tipo de imbr\u00f3glio judicial, as duas partes precisam, em comum acordo, desistir do que foi acertado em documento. Ainda n\u00e3o h\u00e1 uma defini\u00e7\u00e3o oficial sobre isso.<\/p>\n<p>Quest\u00f5es burocr\u00e1ticas \u00e0 parte, Thiago Neves est\u00e1 sem clube desde que teve o contrato rescindido pelo Gr\u00eamio na \u00faltima semana. No Tricolor Ga\u00facho, o atleta de 35 anos teve uma passagem apagada. Foram 14 jogos e um gol. A \u00faltima partida foi justamente na derrota por 2 a 1 para o Sport, na 7\u00aa rodada do Brasileir\u00e3o. O jogador tamb\u00e9m interessa ao Coritiba, mas tem conversas adiantadas com o Le\u00e3o da Ilha.<\/p>\n<p>Nesta quarta-feira, inclusive, Thiago Neves se colocou em uma nova pol\u00eamica ap\u00f3s o Gr\u00eamio ser derrotado pelo Universidad Cat\u00f3lica, do Chile, na Copa Libertadores.<\/p>\n<p>&#8211; Continuo sendo culpado? &#8211; questionou. Em seguida, ele foi repreendido pelo atacante Jael.<\/p>\n<p>Formado pelo Paran\u00e1, em 2004, Thiago Neves tem passagens marcantes por Fluminense, onde conquistou a Copa do Brasil de 2007, e Brasileiro de 2012, Flamengo e Cruzeiro.<\/p>\n<p>Pela equipe mineira, o meia que conquistou o bicampeonato da Copa do Brasil, 2017 e 2018, acabou sendo um dos mais criticados pelo rebaixamento no Brasileiro de 2019.<\/p>\n<p>No futebol internacional, o meia passou por clubes do Jap\u00e3o, Alemanha, Ar\u00e1bia Saudita e Emirados \u00c1rabes. Thiago tamb\u00e9m acumula convoca\u00e7\u00f5es para a sele\u00e7\u00e3o brasileira.<\/p>\n<p>&nbsp;<\/p>\n<p><strong>Fonte: Globoesporte<\/strong><\/p>\n<p>&nbsp;<\/p>\n","protected":false},"excerpt":{"rendered":"<p>Depois de ver o neg\u00f3cio frustrado com o Atl\u00e9tico-MG por rejei\u00e7\u00e3o da torcida, o meia Thiago Neves tem uma negocia\u00e7\u00e3o adiantada para defender outro clube da S\u00e9rie A. O jogador tem um acerto engatilhado com o Sport e discute os \u00faltimos detalhes do contrato. A depender do avan\u00e7o nessas quest\u00f5es, o neg\u00f3cio pode ser fechado &hellip;<\/p>\n","protected":false},"author":1,"featured_media":9471,"comment_status":"open","ping_status":"open","sticky":false,"template":"","format":"standard","meta":{"_jetpack_newsletter_access":"","_jetpack_dont_email_post_to_subs":false,"_jetpack_newsletter_tier_id":0,"_jetpack_memberships_contains_paywalled_content":false,"_jetpack_memberships_contains_paid_content":false,"footnotes":""},"categories":[1],"tags":[],"class_list":["post-9470","post","type-post","status-publish","format-standard","has-post-thumbnail","hentry","category-destaque"],"jetpack_sharing_enabled":true,"jetpack_featured_media_url":"","_links":{"self":[{"href":"https:\/\/www.oparanews.com.br\/index.php\/wp-json\/wp\/v2\/posts\/9470","targetHints":{"allow":["GET"]}}],"collection":[{"href":"https:\/\/www.oparanews.com.br\/index.php\/wp-json\/wp\/v2\/posts"}],"about":[{"href":"https:\/\/www.oparanews.com.br\/index.php\/wp-json\/wp\/v2\/types\/post"}],"author":[{"embeddable":true,"href":"https:\/\/www.oparanews.com.br\/index.php\/wp-json\/wp\/v2\/users\/1"}],"replies":[{"embeddable":true,"href":"https:\/\/www.oparanews.com.br\/index.php\/wp-json\/wp\/v2\/comments?post=9470"}],"version-history":[{"count":0,"href":"https:\/\/www.oparanews.com.br\/index.php\/wp-json\/wp\/v2\/posts\/9470\/revisions"}],"wp:attachment":[{"href":"https:\/\/www.oparanews.com.br\/index.php\/wp-json\/wp\/v2\/media?parent=9470"}],"wp:term":[{"taxonomy":"category","embeddable":true,"href":"https:\/\/www.oparanews.com.br\/index.php\/wp-json\/wp\/v2\/categories?post=9470"},{"taxonomy":"post_tag","embeddable":true,"href":"https:\/\/www.oparanews.com.br\/index.php\/wp-json\/wp\/v2\/tags?post=9470"}],"curies":[{"name":"wp","href":"https:\/\/api.w.org\/{rel}","templated":true}]}}