{"id":9488,"date":"2020-09-18T12:59:59","date_gmt":"2020-09-18T12:59:59","guid":{"rendered":"https:\/\/oparanews.com.br\/?p=9488"},"modified":"2020-09-18T12:59:59","modified_gmt":"2020-09-18T12:59:59","slug":"brasil-tera-maior-fabrica-de-vacinas-da-america-latina","status":"publish","type":"post","link":"https:\/\/www.oparanews.com.br\/index.php\/2020\/09\/18\/brasil-tera-maior-fabrica-de-vacinas-da-america-latina\/","title":{"rendered":"Brasil ter\u00e1 maior f\u00e1brica de vacinas da Am\u00e9rica Latina"},"content":{"rendered":"<p>A Funda\u00e7\u00e3o Oswaldo Cruz e a Companhia de Desenvolvimento Industrial do Estado do Rio de Janeiro (Codin) assinaram ontem (17) acordo para instala\u00e7\u00e3o da maior f\u00e1brica de vacinas da Am\u00e9rica Latina.<\/p>\n<p>O Complexo Industrial de Biotecnologia em Sa\u00fade vai ocupar uma \u00e1rea de 580 mil metros quadrados e ter\u00e1 capacidade de produ\u00e7\u00e3o de 120 milh\u00f5es de frascos de vacinas e biof\u00e1rmacos por ano e ser\u00e1 instalada em Santa Cruz, na zona oeste do Rio de Janeiro. As vacinas contra meningite, hepatite e tr\u00edplice bacteriana, que atualmente s\u00e3o importadas, v\u00e3o passar a sair do polo.<\/p>\n<p>O acordo prev\u00ea a constru\u00e7\u00e3o de nove pr\u00e9dios e a inaugura\u00e7\u00e3o est\u00e1 prevista para 2023 e dever\u00e1 gerar cinco mil empregos diretos. O complexo ser\u00e1 respons\u00e1vel por toda produ\u00e7\u00e3o de vacinas da Fiocruz, inclusive a de covid-19, quando esta for aprovada.<\/p>\n<p>&nbsp;<\/p>\n<p><strong>Fonte: Ag\u00eancia Brasil<\/strong><\/p>\n<p>&nbsp;<\/p>\n","protected":false},"excerpt":{"rendered":"<p>A Funda\u00e7\u00e3o Oswaldo Cruz e a Companhia de Desenvolvimento Industrial do Estado do Rio de Janeiro (Codin) assinaram ontem (17) acordo para instala\u00e7\u00e3o da maior f\u00e1brica de vacinas da Am\u00e9rica Latina. O Complexo Industrial de Biotecnologia em Sa\u00fade vai ocupar uma \u00e1rea de 580 mil metros quadrados e ter\u00e1 capacidade de produ\u00e7\u00e3o de 120 milh\u00f5es &hellip;<\/p>\n","protected":false},"author":1,"featured_media":9489,"comment_status":"open","ping_status":"open","sticky":false,"template":"","format":"standard","meta":{"_jetpack_newsletter_access":"","_jetpack_dont_email_post_to_subs":false,"_jetpack_newsletter_tier_id":0,"_jetpack_memberships_contains_paywalled_content":false,"_jetpack_memberships_contains_paid_content":false,"footnotes":""},"categories":[1],"tags":[],"class_list":["post-9488","post","type-post","status-publish","format-standard","has-post-thumbnail","hentry","category-destaque"],"jetpack_sharing_enabled":true,"jetpack_featured_media_url":"","_links":{"self":[{"href":"https:\/\/www.oparanews.com.br\/index.php\/wp-json\/wp\/v2\/posts\/9488","targetHints":{"allow":["GET"]}}],"collection":[{"href":"https:\/\/www.oparanews.com.br\/index.php\/wp-json\/wp\/v2\/posts"}],"about":[{"href":"https:\/\/www.oparanews.com.br\/index.php\/wp-json\/wp\/v2\/types\/post"}],"author":[{"embeddable":true,"href":"https:\/\/www.oparanews.com.br\/index.php\/wp-json\/wp\/v2\/users\/1"}],"replies":[{"embeddable":true,"href":"https:\/\/www.oparanews.com.br\/index.php\/wp-json\/wp\/v2\/comments?post=9488"}],"version-history":[{"count":0,"href":"https:\/\/www.oparanews.com.br\/index.php\/wp-json\/wp\/v2\/posts\/9488\/revisions"}],"wp:attachment":[{"href":"https:\/\/www.oparanews.com.br\/index.php\/wp-json\/wp\/v2\/media?parent=9488"}],"wp:term":[{"taxonomy":"category","embeddable":true,"href":"https:\/\/www.oparanews.com.br\/index.php\/wp-json\/wp\/v2\/categories?post=9488"},{"taxonomy":"post_tag","embeddable":true,"href":"https:\/\/www.oparanews.com.br\/index.php\/wp-json\/wp\/v2\/tags?post=9488"}],"curies":[{"name":"wp","href":"https:\/\/api.w.org\/{rel}","templated":true}]}}