{"id":9508,"date":"2020-09-20T13:11:45","date_gmt":"2020-09-20T13:11:45","guid":{"rendered":"https:\/\/oparanews.com.br\/?p=9508"},"modified":"2020-09-20T13:11:45","modified_gmt":"2020-09-20T13:11:45","slug":"sefaz-al-retoma-atendimento-presencial-com-agendamento","status":"publish","type":"post","link":"https:\/\/www.oparanews.com.br\/index.php\/2020\/09\/20\/sefaz-al-retoma-atendimento-presencial-com-agendamento\/","title":{"rendered":"Sefaz-AL retoma atendimento presencial com agendamento"},"content":{"rendered":"<p>A Secretaria da Fazenda de Alagoas (Sefaz-AL) vai retomar as atividades presenciais, a partir de segunda-feira (21), na unidade de Jacarecica e na sede regional em Arapiraca.<\/p>\n<p>Para evitar aglomera\u00e7\u00f5es, os atendimentos v\u00e3o ser feitos com hor\u00e1rio marcado atrav\u00e9s de agendamento. \u00c9 preciso mandar um e-mail para atendimento@sefaz.al.gov.br informando o tipo de servi\u00e7o e o setor para qual deseja atendimento.<\/p>\n<p>A expectativa \u00e9 que 150 pessoas sejam atendidas por dia. Mas vale lembrar, os servi\u00e7os online continuam operando normalmente. A Sefaz-AL disponibilizou um n\u00famero de WhatsApp para qualquer d\u00favida: (82) 98137-4724.<\/p>\n<p>Servi\u00e7os que podem ser feitos pelo site da Sefaz:<\/p>\n<p>Imposto sobre Opera\u00e7\u00f5es relativas \u00e0 Circula\u00e7\u00e3o de Mercadorias e Presta\u00e7\u00e3o de Servi\u00e7o (ICMS)<br \/>\nImposto sobre a Propriedade de Ve\u00edculos Automotores (IPVA)<br \/>\nImposto de Transmiss\u00e3o Causa Mortis e Doa\u00e7\u00e3o de Quaisquer Bens ou Direitos (ITCD)<br \/>\nDocumentos Fiscais<br \/>\nRegimes Especiais<br \/>\nDocumentos de Arrecada\u00e7\u00e3o (DAR e GNRE)<br \/>\nGera\u00e7\u00e3o e desbloqueio de senhas<br \/>\nFiscaliza\u00e7\u00e3o de Opera\u00e7\u00f5es de Tr\u00e2nsito (mercadorias retidas)<br \/>\nCertid\u00f5es e declara\u00e7\u00f5es<\/p>\n<p>Medidas de seguran\u00e7a<\/p>\n<p>A Sefaz-AL informa que, para evitar o cont\u00e1gio pelo novo coronav\u00edrus, vai ser seguido um protocolo sanit\u00e1rio. A entrada nas instala\u00e7\u00f5es dos pr\u00e9dios s\u00f3 ser\u00e1 permitida com o uso da m\u00e1scara de prote\u00e7\u00e3o e a aferi\u00e7\u00e3o da temperatura.<\/p>\n<p>&nbsp;<\/p>\n<p><strong>Fonte: G1\/AL<\/strong><\/p>\n<p>&nbsp;<\/p>\n","protected":false},"excerpt":{"rendered":"<p>A Secretaria da Fazenda de Alagoas (Sefaz-AL) vai retomar as atividades presenciais, a partir de segunda-feira (21), na unidade de Jacarecica e na sede regional em Arapiraca. Para evitar aglomera\u00e7\u00f5es, os atendimentos v\u00e3o ser feitos com hor\u00e1rio marcado atrav\u00e9s de agendamento. \u00c9 preciso mandar um e-mail para atendimento@sefaz.al.gov.br informando o tipo de servi\u00e7o e o &hellip;<\/p>\n","protected":false},"author":1,"featured_media":9509,"comment_status":"open","ping_status":"open","sticky":false,"template":"","format":"standard","meta":{"_jetpack_newsletter_access":"","_jetpack_dont_email_post_to_subs":false,"_jetpack_newsletter_tier_id":0,"_jetpack_memberships_contains_paywalled_content":false,"_jetpack_memberships_contains_paid_content":false,"footnotes":""},"categories":[1],"tags":[],"class_list":["post-9508","post","type-post","status-publish","format-standard","has-post-thumbnail","hentry","category-destaque"],"jetpack_sharing_enabled":true,"jetpack_featured_media_url":"","_links":{"self":[{"href":"https:\/\/www.oparanews.com.br\/index.php\/wp-json\/wp\/v2\/posts\/9508","targetHints":{"allow":["GET"]}}],"collection":[{"href":"https:\/\/www.oparanews.com.br\/index.php\/wp-json\/wp\/v2\/posts"}],"about":[{"href":"https:\/\/www.oparanews.com.br\/index.php\/wp-json\/wp\/v2\/types\/post"}],"author":[{"embeddable":true,"href":"https:\/\/www.oparanews.com.br\/index.php\/wp-json\/wp\/v2\/users\/1"}],"replies":[{"embeddable":true,"href":"https:\/\/www.oparanews.com.br\/index.php\/wp-json\/wp\/v2\/comments?post=9508"}],"version-history":[{"count":0,"href":"https:\/\/www.oparanews.com.br\/index.php\/wp-json\/wp\/v2\/posts\/9508\/revisions"}],"wp:attachment":[{"href":"https:\/\/www.oparanews.com.br\/index.php\/wp-json\/wp\/v2\/media?parent=9508"}],"wp:term":[{"taxonomy":"category","embeddable":true,"href":"https:\/\/www.oparanews.com.br\/index.php\/wp-json\/wp\/v2\/categories?post=9508"},{"taxonomy":"post_tag","embeddable":true,"href":"https:\/\/www.oparanews.com.br\/index.php\/wp-json\/wp\/v2\/tags?post=9508"}],"curies":[{"name":"wp","href":"https:\/\/api.w.org\/{rel}","templated":true}]}}