{"id":9568,"date":"2020-09-22T00:34:43","date_gmt":"2020-09-22T00:34:43","guid":{"rendered":"https:\/\/oparanews.com.br\/?p=9568"},"modified":"2020-09-22T00:34:43","modified_gmt":"2020-09-22T00:34:43","slug":"governador-anuncia-nomeacao-dos-aprovados-em-concurso-da-secretaria-da-fazenda","status":"publish","type":"post","link":"https:\/\/www.oparanews.com.br\/index.php\/2020\/09\/22\/governador-anuncia-nomeacao-dos-aprovados-em-concurso-da-secretaria-da-fazenda\/","title":{"rendered":"Governador anuncia nomea\u00e7\u00e3o dos aprovados em concurso da Secretaria da Fazenda"},"content":{"rendered":"<p>Ap\u00f3s percorrer o Litoral Norte de Alagoas para assinar ordens de servi\u00e7o de obras estruturantes nos munic\u00edpios de Porto de Pedras e S\u00e3o Miguel dos Milagres, o governador Renan Filho anunciou, na noite desta segunda-feira (21), a nomea\u00e7\u00e3o dos aprovados no \u00faltimo concurso p\u00fablico da Secretaria de Estado da Fazenda (Sefaz), que ser\u00e1 publicada em decretos at\u00e9 esta sexta-feira (25) no Di\u00e1rio Oficial do Estado.<\/p>\n<p>O an\u00fancio ocorreu por meio de transmiss\u00e3o online (live) nas redes sociais, que contou com a participa\u00e7\u00e3o do secret\u00e1rio da Fazenda, George Santoro, e do secret\u00e1rio de Planejamento, Gest\u00e3o e Patrim\u00f4nio (Seplag), Fabr\u00edcio Marques, al\u00e9m de servidores de ambas as pastas.<\/p>\n<p>Ser\u00e3o nomeados os habilitados para as 25 vagas do cargo de Auditor de Finan\u00e7as e Controle de Arrecada\u00e7\u00e3o e das 60 vagas para o cargo de Auditor Fiscal. Os novos servidores concorreram com mais de 8 mil candidatos inscritos nas provas do certame realizado em fevereiro deste ano.<\/p>\n<p>\u201cGostaria de desejar as boas-vindas para os novos auditores que se somam as nossas equipes fazend\u00e1rias. Vamos proporcionar as melhores condi\u00e7\u00f5es para voc\u00eas desempenharem o melhor papel\u201d, asseverou o governador. \u201cSendo mais eficiente, o Estado pode cobrar menos imposto do cidad\u00e3o. Isso ajuda mais a nossa sociedade. Com o aumento da arrecada\u00e7\u00e3o podemos melhorar qualidade de vida e impulsionar o desenvolvimento econ\u00f4mico de Alagoas\u201d, explicou Renan Filho.<\/p>\n<p>O secret\u00e1rio George Santoro lembrou que h\u00e1 18 anos o Estado n\u00e3o realizava concurso nestas \u00e1reas da Fazenda. \u201c\u00c9 um concurso muito esperado. H\u00e1 tr\u00eas anos come\u00e7amos a discutir esse projeto e agora conseguimos conclu\u00ed-lo\u201d, comentou.<\/p>\n<p>Para o titular da pasta, as carreiras contempladas s\u00e3o fundamentais, pois abrangem os servidores que procuram manter o Estado no caminho correto das finan\u00e7as p\u00fablicas. O incremento no quadro vai permitir mais avan\u00e7os para o segmento, que vem dando exemplo para o pa\u00eds com resultados expressivos desde 2015. \u201cCom os novos auditores vamos mudar de patamar porque vamos conseguir desenvolver novos projetos e reestruturar a \u00e1rea da Fazenda para o futuro\u201d, considerou Santoro.<\/p>\n<p>Em sua fala, o representante da Seplag reiterou a import\u00e2ncia do concurso para o Estado e considerou que o processo seletivo foi \u201cbem trabalhado, preparado com muita transpar\u00eancia, com muito cuidado e com a participa\u00e7\u00e3o de representantes do sindicato e de t\u00e9cnicos das pastas. A gente espera ter selecionado os melhores candidatos\u201d, pontuou o secret\u00e1rio Fabr\u00edcio Marques.<\/p>\n<p>Representante dos auditores fiscais, o servidor Francisco Suruagy atinou que a data em quest\u00e3o, 21 de setembro, celebra o Dia Nacional do Auditor Fiscal. \u201cE esse \u00e9 o maior presente e a maior simbologia, tanto por esse dia quanto por representar um legado que ficar\u00e1 definitivamente e que demonstra o compromisso fazend\u00e1rio do Estado\u201d, assentou.<\/p>\n<p><strong>Outros concursos<\/strong><\/p>\n<p>Apesar de a pandemia ter atrasado o cronograma de concursos, o governador Renan Filho adiantou que a agenda para o primeiro semestre do pr\u00f3ximo ano prev\u00ea a abertura de editais para contrata\u00e7\u00e3o nas \u00e1reas de Educa\u00e7\u00e3o, Sa\u00fade e Seguran\u00e7a P\u00fablica.<\/p>\n<p>\u201cT\u00ednhamos uma programa\u00e7\u00e3o, mas a pandemia prorrogou um pouco o prazo\u201d, justificou o secret\u00e1rio Fabr\u00edcio Marques. \u201cEstamos preparados, com os processos redondos e, no momento em que a pandemia e os recursos proporcionarem, teremos condi\u00e7\u00f5es de fazer os concursos\u201d, finalizou.<\/p>\n<p>&nbsp;<\/p>\n<p><strong>Fonte: Ag\u00eancia Alagoas<\/strong><\/p>\n<p>&nbsp;<\/p>\n","protected":false},"excerpt":{"rendered":"<p>Ap\u00f3s percorrer o Litoral Norte de Alagoas para assinar ordens de servi\u00e7o de obras estruturantes nos munic\u00edpios de Porto de Pedras e S\u00e3o Miguel dos Milagres, o governador Renan Filho anunciou, na noite desta segunda-feira (21), a nomea\u00e7\u00e3o dos aprovados no \u00faltimo concurso p\u00fablico da Secretaria de Estado da Fazenda (Sefaz), que ser\u00e1 publicada em &hellip;<\/p>\n","protected":false},"author":1,"featured_media":9569,"comment_status":"open","ping_status":"open","sticky":false,"template":"","format":"standard","meta":{"_jetpack_newsletter_access":"","_jetpack_dont_email_post_to_subs":false,"_jetpack_newsletter_tier_id":0,"_jetpack_memberships_contains_paywalled_content":false,"_jetpack_memberships_contains_paid_content":false,"footnotes":""},"categories":[1],"tags":[],"class_list":["post-9568","post","type-post","status-publish","format-standard","has-post-thumbnail","hentry","category-destaque"],"jetpack_sharing_enabled":true,"jetpack_featured_media_url":"","_links":{"self":[{"href":"https:\/\/www.oparanews.com.br\/index.php\/wp-json\/wp\/v2\/posts\/9568","targetHints":{"allow":["GET"]}}],"collection":[{"href":"https:\/\/www.oparanews.com.br\/index.php\/wp-json\/wp\/v2\/posts"}],"about":[{"href":"https:\/\/www.oparanews.com.br\/index.php\/wp-json\/wp\/v2\/types\/post"}],"author":[{"embeddable":true,"href":"https:\/\/www.oparanews.com.br\/index.php\/wp-json\/wp\/v2\/users\/1"}],"replies":[{"embeddable":true,"href":"https:\/\/www.oparanews.com.br\/index.php\/wp-json\/wp\/v2\/comments?post=9568"}],"version-history":[{"count":0,"href":"https:\/\/www.oparanews.com.br\/index.php\/wp-json\/wp\/v2\/posts\/9568\/revisions"}],"wp:attachment":[{"href":"https:\/\/www.oparanews.com.br\/index.php\/wp-json\/wp\/v2\/media?parent=9568"}],"wp:term":[{"taxonomy":"category","embeddable":true,"href":"https:\/\/www.oparanews.com.br\/index.php\/wp-json\/wp\/v2\/categories?post=9568"},{"taxonomy":"post_tag","embeddable":true,"href":"https:\/\/www.oparanews.com.br\/index.php\/wp-json\/wp\/v2\/tags?post=9568"}],"curies":[{"name":"wp","href":"https:\/\/api.w.org\/{rel}","templated":true}]}}