{"id":9571,"date":"2020-09-22T12:33:42","date_gmt":"2020-09-22T12:33:42","guid":{"rendered":"https:\/\/oparanews.com.br\/?p=9571"},"modified":"2020-09-22T12:33:42","modified_gmt":"2020-09-22T12:33:42","slug":"estudo-aponta-que-al-mantem-reducao-de-mortes-por-covid-19","status":"publish","type":"post","link":"https:\/\/www.oparanews.com.br\/index.php\/2020\/09\/22\/estudo-aponta-que-al-mantem-reducao-de-mortes-por-covid-19\/","title":{"rendered":"Estudo aponta que AL mant\u00e9m redu\u00e7\u00e3o de mortes por Covid-19"},"content":{"rendered":"<p>A avalia\u00e7\u00e3o da Covid-19 em Alagoas at\u00e9 a 38\u00aa Semana Epidemiol\u00f3gica mostrou que, apesar de apresentar queda no n\u00famero de \u00f3bitos causados pela doen\u00e7a desde o in\u00edcio de julho, o estado voltou a registrar aumento de casos e crescimento da taxa de transmiss\u00e3o do novo coronav\u00edrus. O estudo foi divulgado nesta segunda-feira (21) pelo Observat\u00f3rio Alagoano de Pol\u00edticas P\u00fablicas para o Enfrentamento da Covid-19.<\/p>\n<p>A maior incid\u00eancia tanto de casos novos quanto de \u00f3bitos por 100 mil habitantes foi registrada na 9\u00aa Regi\u00e3o de Sa\u00fade, composta pelos munic\u00edpios de Canapi, Carneiros, Dois Riachos, Maravilha, Monteir\u00f3polis, Olho D&#8217;\u00c1gua das Flores, Oliven\u00e7a, Ouro Branco, Palestina, P\u00e3o de A\u00e7ucar, Po\u00e7o das Trincheiras, Santana do Ipanema, S\u00e3o Jos\u00e9 da Tapera e Senador Rui Palmeira.<\/p>\n<p>O coordenador do observat\u00f3rio, Gabriel B\u00e1due, alertou para o aumento de casos nessas localidades e em Macei\u00f3.<\/p>\n<p>&#8220;Os destaques dessa semana s\u00e3o o aumento no n\u00famero de novos casos no estado ao longo da 38\u00aa semana epidemiol\u00f3gica, ap\u00f3s seis semanas de queda. Pontualmente, as duas regi\u00f5es que mais chamam aten\u00e7\u00e3o \u00e9 a nona regi\u00e3o de sa\u00fade (munic\u00edpios circunvizinhos a Santana do Ipanema), que apresentou a maior incid\u00eancia de novos casos na \u00faltima semana, e Macei\u00f3 que h\u00e1 cerca de cinco semanas n\u00e3o apresenta altera\u00e7\u00f5es significativas na incid\u00eancia de novos casos, com exce\u00e7\u00e3o da diminui\u00e7\u00e3o verificada na 36\u00aa semana&#8221;, explicou o pesquisador.<\/p>\n<p><strong>Somente duas regi\u00f5es apresentam sinais de controle da transmiss\u00e3o<\/strong><\/p>\n<p>2\u00aa Regi\u00e3o de Sa\u00fade: Jacu\u00edpe, Japaratinga, Maragogi, Matriz de Camaragibe, Passo de Camaragibe, Porto Calvo, Porto de Pedra, S\u00e3o Lu\u00eds do Quitunde e S\u00e3o Miguel dos Milagres<br \/>\n5\u00aa Regi\u00e3o de Sa\u00fade: Anadia, Boca da Mata, Campo Alegre, Junqueiro, Roteiro, S\u00e3o Miguel dos Campos e Teot\u00f4nio Vilela<\/p>\n<p><strong>Cidades com redu\u00e7\u00e3o de casos, mas ainda sem controle da transmiss\u00e3o<\/strong><\/p>\n<p>Macei\u00f3<br \/>\nArapiraca<br \/>\n8\u00aa Regi\u00e3o de Sa\u00fade: Bel\u00e9m, Cacimbinhas, Estrela de Alagoas, Igaci, Maribondo, Minador do Negr\u00e3o, Palmeira dos \u00cdndios e Tanque d&#8217;Arca<br \/>\n10\u00aa Regi\u00e3o de Sa\u00fade: \u00c1gua Branca, Delmiro Gouveia, Inhapi, Mata Grande, Olho d&#8217;\u00c1gua do Casado, Pariconha e Piranhas<\/p>\n<p><strong>Cidades com aumento de casos e sem controle da transmiss\u00e3o<\/strong><\/p>\n<p>1\u00aa Regi\u00e3o de Sa\u00fade: Barra de Santo Ant\u00f4nio, Barra de S\u00e3o Miguel, Coqueiro Seco, Marechal Deodoro, Messias, Paripueira, Pilar, Rio Largo, Santa Luzia do Norte, Satuba e Flexeiras<\/p>\n<p>3\u00aa Regi\u00e3o de Sa\u00fade: Murici, Campestre, Col\u00f4nia Leopoldina, Jundi\u00e1, Novo Lino, Branquinha, Ibategura, Joaquim Gomes, Santana do Munda\u00fa, S\u00e3o Jos\u00e9 da Lage e Uni\u00e3o dos Palmares<\/p>\n<p>4\u00aa Regi\u00e3o de Sa\u00fade: Ch\u00e3 Preta, Mar Vermelho, Paulo Jacinto, Pindoba, Quebr\u00e2ngulo, Vi\u00e7osa, Atalaia, Cajueiro e Capela<\/p>\n<p>6\u00aa Regi\u00e3o de Sa\u00fade: Feliz Deserto, Igreja Nova, Penedo, Pia\u00e7abu\u00e7u, Porto Real do Col\u00e9gio, S\u00e3o Br\u00e1s, Coruripe e Jequi\u00e1 da Praia<\/p>\n<p>7\u00aa Regi\u00e3o de Sa\u00fade: Batalha, Belo Monte, Campo Grande, Coit\u00e9 do N\u00f3ia, Cra\u00edbas, Feira Grande, Girau do Ponciano, Jaramataia, Lagoa da Canoa, Limoeiro de Anadia, S\u00e3o Sebasti\u00e3o, Taquarana, Traipu, Major Isidoro, Olho d&#8217;\u00c1gua Grande e Jacar\u00e9 dos Homens<\/p>\n<p>9\u00aa Regi\u00e3o de Sa\u00fade: Canapi, Carneiros, Dois Riachos, Maravilha, Monteir\u00f3polis, Olho D&#8217;\u00c1gua das Flores, Oliven\u00e7a, Ouro Branco, Palestina, P\u00e3o de A\u00e7ucar, Po\u00e7o das Trincheiras, Santana do Ipanema, S\u00e3o Jos\u00e9 da Tapera e Senador Rui Palmeira<\/p>\n<p>O Observat\u00f3rio Alagoano para Enfrentamento da Covid-19 refor\u00e7a que apesar da diminui\u00e7\u00e3o de \u00f3bitos, Alagoas ainda tem perdido vidas para a doen\u00e7a.<\/p>\n<p>&#8220;Por fim, para al\u00e9m da instabilidade no n\u00famero de casos, os quais devem ser rigorosamente monitorados e isolados junto com todas pessoas da cadeia de cont\u00e1gio, como recomendado entre as medidas indicadas pelo C4NE, enfatizamos que, apesar de todos os avan\u00e7os conquistados desde o in\u00edcio da pandemia, registramos na \u00faltima semana 42 \u00f3bitos. Se considerarmos as tr\u00eas \u00faltimas semanas, s\u00e3o 144 vidas perdidas!&#8221;, diz um trecho do boletim do Observat\u00f3rio.<\/p>\n<p><strong>Falsa sensa\u00e7\u00e3o de prote\u00e7\u00e3o<\/strong><\/p>\n<p>Os pesquisadores refor\u00e7aram a import\u00e2ncia das medidas para evitar o cont\u00e1gio pelo novo coronav\u00edrus. Segundo eles, apesar da falsa sensa\u00e7\u00e3o de prote\u00e7\u00e3o sentida por causa da retomada de quase todas as atividades, \u00e9 preciso manter todos os cuidados propostos nos protocolos de bioseguran\u00e7a, como o uso da m\u00e1scara, a higieniza\u00e7\u00e3o das m\u00e3os e a n\u00e3o forma\u00e7\u00e3o de aglomera\u00e7\u00f5es.<\/p>\n<p>E refor\u00e7am que essas medidas s\u00f3 devem ser dispensadas quando houver imuniza\u00e7\u00e3o contra a doen\u00e7a.<\/p>\n<p>&nbsp;<\/p>\n<p><strong>Fonte: G1\/AL<\/strong><\/p>\n<p>&nbsp;<\/p>\n","protected":false},"excerpt":{"rendered":"<p>A avalia\u00e7\u00e3o da Covid-19 em Alagoas at\u00e9 a 38\u00aa Semana Epidemiol\u00f3gica mostrou que, apesar de apresentar queda no n\u00famero de \u00f3bitos causados pela doen\u00e7a desde o in\u00edcio de julho, o estado voltou a registrar aumento de casos e crescimento da taxa de transmiss\u00e3o do novo coronav\u00edrus. O estudo foi divulgado nesta segunda-feira (21) pelo Observat\u00f3rio &hellip;<\/p>\n","protected":false},"author":1,"featured_media":9572,"comment_status":"open","ping_status":"open","sticky":false,"template":"","format":"standard","meta":{"_jetpack_newsletter_access":"","_jetpack_dont_email_post_to_subs":false,"_jetpack_newsletter_tier_id":0,"_jetpack_memberships_contains_paywalled_content":false,"_jetpack_memberships_contains_paid_content":false,"footnotes":""},"categories":[1],"tags":[],"class_list":["post-9571","post","type-post","status-publish","format-standard","has-post-thumbnail","hentry","category-destaque"],"jetpack_sharing_enabled":true,"jetpack_featured_media_url":"","_links":{"self":[{"href":"https:\/\/www.oparanews.com.br\/index.php\/wp-json\/wp\/v2\/posts\/9571","targetHints":{"allow":["GET"]}}],"collection":[{"href":"https:\/\/www.oparanews.com.br\/index.php\/wp-json\/wp\/v2\/posts"}],"about":[{"href":"https:\/\/www.oparanews.com.br\/index.php\/wp-json\/wp\/v2\/types\/post"}],"author":[{"embeddable":true,"href":"https:\/\/www.oparanews.com.br\/index.php\/wp-json\/wp\/v2\/users\/1"}],"replies":[{"embeddable":true,"href":"https:\/\/www.oparanews.com.br\/index.php\/wp-json\/wp\/v2\/comments?post=9571"}],"version-history":[{"count":0,"href":"https:\/\/www.oparanews.com.br\/index.php\/wp-json\/wp\/v2\/posts\/9571\/revisions"}],"wp:attachment":[{"href":"https:\/\/www.oparanews.com.br\/index.php\/wp-json\/wp\/v2\/media?parent=9571"}],"wp:term":[{"taxonomy":"category","embeddable":true,"href":"https:\/\/www.oparanews.com.br\/index.php\/wp-json\/wp\/v2\/categories?post=9571"},{"taxonomy":"post_tag","embeddable":true,"href":"https:\/\/www.oparanews.com.br\/index.php\/wp-json\/wp\/v2\/tags?post=9571"}],"curies":[{"name":"wp","href":"https:\/\/api.w.org\/{rel}","templated":true}]}}