{"id":9638,"date":"2020-09-25T13:23:12","date_gmt":"2020-09-25T13:23:12","guid":{"rendered":"https:\/\/oparanews.com.br\/?p=9638"},"modified":"2020-09-25T13:23:12","modified_gmt":"2020-09-25T13:23:12","slug":"morre-o-musico-zailton-sarmento-por-complicacoes-da-covid-19","status":"publish","type":"post","link":"https:\/\/www.oparanews.com.br\/index.php\/2020\/09\/25\/morre-o-musico-zailton-sarmento-por-complicacoes-da-covid-19\/","title":{"rendered":"Morre o m\u00fasico Zailton Sarmento por complica\u00e7\u00f5es da Covid-19"},"content":{"rendered":"<p>Morreu aos 62 anos, em Macei\u00f3, o instrumentista Zailton Sarmento. Ele faleceu na noite de quinta-feira (24) no Hospital do Cora\u00e7\u00e3o por complica\u00e7\u00f5es provocadas pela Covid-19.<\/p>\n<p>&#8220;N\u00f3s perdemos um grande m\u00fasico, Alagoas perdeu uma grande refer\u00eancia. H\u00e1 4 meses ele contraiu Covid-19 e ficou muito debilitado, passou muito tempo internado, se recuperou, mas dias depois teve novamente complica\u00e7\u00f5es respirat\u00f3rias e teve infec\u00e7\u00e3o generalizada e n\u00e3o resistiu&#8221;, lamentou o irm\u00e3o de Zailton, Zenildo Sarmento.<\/p>\n<p>O enterro do instrumentista ser\u00e1 \u00e0s 13h no Campo Santo Parque das Flores, na parte alta de Macei\u00f3.<\/p>\n<p>No ano passado, o m\u00fasico completou 50 anos de carreira e fez um show no Teatro Deodoro, com o disco &#8216;Goiaba na Aveia&#8217;.<\/p>\n<p>Zailton Sarmento come\u00e7ou a vida musical muito cedo. Aprendeu a tocar viol\u00e3o de seis e sete cordas, cavaquinho, contrabaixo, piano, teclado, manola, escaleta e iniciou os estudos de saxofone, na antiga Escola T\u00e9cnica Federal de Alagoas, sob a batuta do Mestre Manuca.<\/p>\n<p>&nbsp;<\/p>\n<p><strong>Fonte: G1\/AL<\/strong><\/p>\n<p>&nbsp;<\/p>\n","protected":false},"excerpt":{"rendered":"<p>Morreu aos 62 anos, em Macei\u00f3, o instrumentista Zailton Sarmento. Ele faleceu na noite de quinta-feira (24) no Hospital do Cora\u00e7\u00e3o por complica\u00e7\u00f5es provocadas pela Covid-19. &#8220;N\u00f3s perdemos um grande m\u00fasico, Alagoas perdeu uma grande refer\u00eancia. H\u00e1 4 meses ele contraiu Covid-19 e ficou muito debilitado, passou muito tempo internado, se recuperou, mas dias depois &hellip;<\/p>\n","protected":false},"author":1,"featured_media":9639,"comment_status":"open","ping_status":"open","sticky":false,"template":"","format":"standard","meta":{"_jetpack_newsletter_access":"","_jetpack_dont_email_post_to_subs":false,"_jetpack_newsletter_tier_id":0,"_jetpack_memberships_contains_paywalled_content":false,"_jetpack_memberships_contains_paid_content":false,"footnotes":""},"categories":[1],"tags":[],"class_list":["post-9638","post","type-post","status-publish","format-standard","has-post-thumbnail","hentry","category-destaque"],"jetpack_sharing_enabled":true,"jetpack_featured_media_url":"","_links":{"self":[{"href":"https:\/\/www.oparanews.com.br\/index.php\/wp-json\/wp\/v2\/posts\/9638","targetHints":{"allow":["GET"]}}],"collection":[{"href":"https:\/\/www.oparanews.com.br\/index.php\/wp-json\/wp\/v2\/posts"}],"about":[{"href":"https:\/\/www.oparanews.com.br\/index.php\/wp-json\/wp\/v2\/types\/post"}],"author":[{"embeddable":true,"href":"https:\/\/www.oparanews.com.br\/index.php\/wp-json\/wp\/v2\/users\/1"}],"replies":[{"embeddable":true,"href":"https:\/\/www.oparanews.com.br\/index.php\/wp-json\/wp\/v2\/comments?post=9638"}],"version-history":[{"count":0,"href":"https:\/\/www.oparanews.com.br\/index.php\/wp-json\/wp\/v2\/posts\/9638\/revisions"}],"wp:attachment":[{"href":"https:\/\/www.oparanews.com.br\/index.php\/wp-json\/wp\/v2\/media?parent=9638"}],"wp:term":[{"taxonomy":"category","embeddable":true,"href":"https:\/\/www.oparanews.com.br\/index.php\/wp-json\/wp\/v2\/categories?post=9638"},{"taxonomy":"post_tag","embeddable":true,"href":"https:\/\/www.oparanews.com.br\/index.php\/wp-json\/wp\/v2\/tags?post=9638"}],"curies":[{"name":"wp","href":"https:\/\/api.w.org\/{rel}","templated":true}]}}